{"id":893,"date":"2015-11-07T09:26:44","date_gmt":"2015-11-07T08:26:44","guid":{"rendered":"http:\/\/lisdorf.de\/?p=893"},"modified":"2015-11-07T09:47:08","modified_gmt":"2015-11-07T08:47:08","slug":"auftakt-mit-vielen-besuchern","status":"publish","type":"post","link":"https:\/\/lisdorf.de\/?p=893","title":{"rendered":"Auftakt mit vielen Besuchern"},"content":{"rendered":"<p style=\"text-align: justify;\">Die Hans Welsch Halle f\u00fcllte sich am Freitagabend mit kunstinteressierten G\u00e4sten und\u00a0 Besuchern zur Er\u00f6ffnung und Vernissage der Ausstellung &#8222;Kunst im Dorf&#8220;.\u00a0 Nachdem Herbert Germann die G\u00e4ste begr\u00fcsste und Gudrun Jungmann in ihrer Einf\u00fchrung\u00a0 erkl\u00e4rte &#8222;Was ist Kunst&#8220;, sprach die Schirmherrin Marion Jost (B\u00fcrgermeisterin der Kreisstadt Saarlouis) \u00fcber die intakte Vereinsgemeinschaft von Lisdorf. Sie er\u00f6ffnete die Veranstaltung mit 8 K\u00fcnstlern die Ihre Bilder und Skulptuen in den n\u00e4chsten Tagen zeigen. Anne und Florian Lamar begleiteten das Programm musikalisch mit ihrem Vater Armin.<\/p>\n<figure id=\"attachment_898\" aria-describedby=\"caption-attachment-898\" style=\"width: 300px\" class=\"wp-caption aligncenter\"><a href=\"https:\/\/lisdorf.de\/wp-content\/uploads\/2015\/11\/IMG_4142-e1446885258688.jpg\"><img loading=\"lazy\" decoding=\"async\" class=\"size-medium wp-image-898\" src=\"https:\/\/lisdorf.de\/wp-content\/uploads\/2015\/11\/IMG_4142-300x225.jpg\" alt=\"Begr\u00fcssung der G\u00e4ste durch Herbert Germann\" width=\"300\" height=\"225\" \/><\/a><figcaption id=\"caption-attachment-898\" class=\"wp-caption-text\">Begr\u00fcssung der G\u00e4ste durch Herbert Germann<\/figcaption><\/figure>\n<figure id=\"attachment_901\" aria-describedby=\"caption-attachment-901\" style=\"width: 300px\" class=\"wp-caption aligncenter\"><a href=\"https:\/\/lisdorf.de\/wp-content\/uploads\/2015\/11\/IMG_4158-kl.jpg\"><img loading=\"lazy\" decoding=\"async\" class=\"size-medium wp-image-901\" src=\"https:\/\/lisdorf.de\/wp-content\/uploads\/2015\/11\/IMG_4158-kl-300x232.jpg\" alt=\"Schirmherrin Marion Jost im Gespr\u00e4ch mit G\u00e4sten\" width=\"300\" height=\"232\" srcset=\"https:\/\/lisdorf.de\/wp-content\/uploads\/2015\/11\/IMG_4158-kl-300x232.jpg 300w, https:\/\/lisdorf.de\/wp-content\/uploads\/2015\/11\/IMG_4158-kl-510x394.jpg 510w, https:\/\/lisdorf.de\/wp-content\/uploads\/2015\/11\/IMG_4158-kl.jpg 800w\" sizes=\"auto, (max-width: 300px) 100vw, 300px\" \/><\/a><figcaption id=\"caption-attachment-901\" class=\"wp-caption-text\">Schirmherrin Marion Jost im Gespr\u00e4ch mit G\u00e4sten<\/figcaption><\/figure>\n<figure id=\"attachment_896\" aria-describedby=\"caption-attachment-896\" style=\"width: 300px\" class=\"wp-caption aligncenter\"><a href=\"https:\/\/lisdorf.de\/wp-content\/uploads\/2015\/11\/IMG_4137-e1446885095757.jpg\"><img loading=\"lazy\" decoding=\"async\" class=\"size-medium wp-image-896\" src=\"https:\/\/lisdorf.de\/wp-content\/uploads\/2015\/11\/IMG_4137-300x225.jpg\" alt=\"Gudrun Jungmann im Gespr\u00e4ch mit Dieter Marek\" width=\"300\" height=\"225\" \/><\/a><figcaption id=\"caption-attachment-896\" class=\"wp-caption-text\">Gudrun Jungmann im Gespr\u00e4ch mit Dieter Marek<\/figcaption><\/figure>\n<figure id=\"attachment_897\" aria-describedby=\"caption-attachment-897\" style=\"width: 300px\" class=\"wp-caption aligncenter\"><a href=\"https:\/\/lisdorf.de\/wp-content\/uploads\/2015\/11\/IMG_4138-e1446885312321.jpg\"><img loading=\"lazy\" decoding=\"async\" class=\"size-medium wp-image-897\" src=\"https:\/\/lisdorf.de\/wp-content\/uploads\/2015\/11\/IMG_4138-300x225.jpg\" alt=\"Musikalische Untermalung durch die Familie Lamar\" width=\"300\" height=\"225\" \/><\/a><figcaption id=\"caption-attachment-897\" class=\"wp-caption-text\">Musikalische Untermalung durch die Familie Lamar<\/figcaption><\/figure>\n<figure id=\"attachment_899\" aria-describedby=\"caption-attachment-899\" style=\"width: 300px\" class=\"wp-caption aligncenter\"><a href=\"https:\/\/lisdorf.de\/wp-content\/uploads\/2015\/11\/IMG_4147-e1446885186861.jpg\"><img loading=\"lazy\" decoding=\"async\" class=\"size-medium wp-image-899\" src=\"https:\/\/lisdorf.de\/wp-content\/uploads\/2015\/11\/IMG_4147-300x225.jpg\" alt=\"Viele Besucher zum Auftakt\" width=\"300\" height=\"225\" \/><\/a><figcaption id=\"caption-attachment-899\" class=\"wp-caption-text\">Viele Besucher zum Auftakt<\/figcaption><\/figure>\n<p>&nbsp;<\/p>\n","protected":false},"excerpt":{"rendered":"<p>Die Hans Welsch Halle f\u00fcllte sich am Freitagabend mit kunstinteressierten G\u00e4sten und\u00a0 Besuchern zur Er\u00f6ffnung und Vernissage der Ausstellung &#8222;Kunst im Dorf&#8220;.\u00a0 Nachdem Herbert Germann die G\u00e4ste begr\u00fcsste und Gudrun &hellip; <a href=\"https:\/\/lisdorf.de\/?p=893\" class=\"more-link\"><span class=\"screen-reader-text\">Auftakt mit vielen Besuchern<\/span> weiterlesen <span class=\"meta-nav\">&rarr;<\/span><\/a><\/p>\n","protected":false},"author":1,"featured_media":0,"comment_status":"closed","ping_status":"open","sticky":false,"template":"","format":"standard","meta":{"_jetpack_memberships_contains_paid_content":false,"footnotes":""},"categories":[1],"tags":[],"class_list":["post-893","post","type-post","status-publish","format-standard","hentry","category-allgemein"],"jetpack_featured_media_url":"","jetpack_sharing_enabled":true,"_links":{"self":[{"href":"https:\/\/lisdorf.de\/index.php?rest_route=\/wp\/v2\/posts\/893","targetHints":{"allow":["GET"]}}],"collection":[{"href":"https:\/\/lisdorf.de\/index.php?rest_route=\/wp\/v2\/posts"}],"about":[{"href":"https:\/\/lisdorf.de\/index.php?rest_route=\/wp\/v2\/types\/post"}],"author":[{"embeddable":true,"href":"https:\/\/lisdorf.de\/index.php?rest_route=\/wp\/v2\/users\/1"}],"replies":[{"embeddable":true,"href":"https:\/\/lisdorf.de\/index.php?rest_route=%2Fwp%2Fv2%2Fcomments&post=893"}],"version-history":[{"count":4,"href":"https:\/\/lisdorf.de\/index.php?rest_route=\/wp\/v2\/posts\/893\/revisions"}],"predecessor-version":[{"id":904,"href":"https:\/\/lisdorf.de\/index.php?rest_route=\/wp\/v2\/posts\/893\/revisions\/904"}],"wp:attachment":[{"href":"https:\/\/lisdorf.de\/index.php?rest_route=%2Fwp%2Fv2%2Fmedia&parent=893"}],"wp:term":[{"taxonomy":"category","embeddable":true,"href":"https:\/\/lisdorf.de\/index.php?rest_route=%2Fwp%2Fv2%2Fcategories&post=893"},{"taxonomy":"post_tag","embeddable":true,"href":"https:\/\/lisdorf.de\/index.php?rest_route=%2Fwp%2Fv2%2Ftags&post=893"}],"curies":[{"name":"wp","href":"https:\/\/api.w.org\/{rel}","templated":true}]}}