{"id":756,"date":"2015-08-04T15:33:05","date_gmt":"2015-08-04T13:33:05","guid":{"rendered":"http:\/\/lisdorf.de\/?p=756"},"modified":"2015-08-04T15:36:05","modified_gmt":"2015-08-04T13:36:05","slug":"saengerfest-bei-heissem-wetter","status":"publish","type":"post","link":"https:\/\/lisdorf.de\/?p=756","title":{"rendered":"S\u00e4ngerfest bei hei\u00dfem Wetter"},"content":{"rendered":"<p style=\"text-align: justify;\">Der MGV lud am Sonntag den 2. August zu seinem Sommerfest auf dem Schulhof in Lisdorf ein und viele kamen. Bei hei\u00dfen Temperaturen waren die gek\u00fchlten Getr\u00e4nke der Renner. Clemens Port konnte viele befreundete Vereine begr\u00fcssen und zusammen gestaltete man den Tag mit Chorgesang in Lisdorf. <a href=\"https:\/\/lisdorf.de\/wp-content\/uploads\/2015\/08\/20150802_132445.jpg\"><img loading=\"lazy\" decoding=\"async\" class=\" size-medium wp-image-757 aligncenter\" src=\"https:\/\/lisdorf.de\/wp-content\/uploads\/2015\/08\/20150802_132445-300x169.jpg\" alt=\"20150802_132445\" width=\"300\" height=\"169\" srcset=\"https:\/\/lisdorf.de\/wp-content\/uploads\/2015\/08\/20150802_132445-300x169.jpg 300w, https:\/\/lisdorf.de\/wp-content\/uploads\/2015\/08\/20150802_132445-510x287.jpg 510w, https:\/\/lisdorf.de\/wp-content\/uploads\/2015\/08\/20150802_132445.jpg 1000w\" sizes=\"auto, (max-width: 300px) 100vw, 300px\" \/><\/a> <a href=\"https:\/\/lisdorf.de\/wp-content\/uploads\/2015\/08\/20150802_132459.jpg\"><img loading=\"lazy\" decoding=\"async\" class=\" size-medium wp-image-758 aligncenter\" src=\"https:\/\/lisdorf.de\/wp-content\/uploads\/2015\/08\/20150802_132459-300x169.jpg\" alt=\"20150802_132459\" width=\"300\" height=\"169\" srcset=\"https:\/\/lisdorf.de\/wp-content\/uploads\/2015\/08\/20150802_132459-300x169.jpg 300w, https:\/\/lisdorf.de\/wp-content\/uploads\/2015\/08\/20150802_132459-510x287.jpg 510w, https:\/\/lisdorf.de\/wp-content\/uploads\/2015\/08\/20150802_132459.jpg 1000w\" sizes=\"auto, (max-width: 300px) 100vw, 300px\" \/><\/a> <a href=\"https:\/\/lisdorf.de\/wp-content\/uploads\/2015\/08\/20150802_132453.jpg\"><img loading=\"lazy\" decoding=\"async\" class=\" size-medium wp-image-759 aligncenter\" src=\"https:\/\/lisdorf.de\/wp-content\/uploads\/2015\/08\/20150802_132453-300x169.jpg\" alt=\"20150802_132453\" width=\"300\" height=\"169\" srcset=\"https:\/\/lisdorf.de\/wp-content\/uploads\/2015\/08\/20150802_132453-300x169.jpg 300w, https:\/\/lisdorf.de\/wp-content\/uploads\/2015\/08\/20150802_132453-510x287.jpg 510w, https:\/\/lisdorf.de\/wp-content\/uploads\/2015\/08\/20150802_132453.jpg 1000w\" sizes=\"auto, (max-width: 300px) 100vw, 300px\" \/><\/a> <a href=\"https:\/\/lisdorf.de\/wp-content\/uploads\/2015\/08\/20150802_132437.jpg\"><img loading=\"lazy\" decoding=\"async\" class=\" size-medium wp-image-760 aligncenter\" src=\"https:\/\/lisdorf.de\/wp-content\/uploads\/2015\/08\/20150802_132437-300x169.jpg\" alt=\"20150802_132437\" width=\"300\" height=\"169\" srcset=\"https:\/\/lisdorf.de\/wp-content\/uploads\/2015\/08\/20150802_132437-300x169.jpg 300w, https:\/\/lisdorf.de\/wp-content\/uploads\/2015\/08\/20150802_132437-510x287.jpg 510w, https:\/\/lisdorf.de\/wp-content\/uploads\/2015\/08\/20150802_132437.jpg 1000w\" sizes=\"auto, (max-width: 300px) 100vw, 300px\" \/><\/a><\/p>\n","protected":false},"excerpt":{"rendered":"<p>Der MGV lud am Sonntag den 2. August zu seinem Sommerfest auf dem Schulhof in Lisdorf ein und viele kamen. Bei hei\u00dfen Temperaturen waren die gek\u00fchlten Getr\u00e4nke der Renner. Clemens &hellip; <a href=\"https:\/\/lisdorf.de\/?p=756\" class=\"more-link\"><span class=\"screen-reader-text\">S\u00e4ngerfest bei hei\u00dfem Wetter<\/span> weiterlesen <span class=\"meta-nav\">&rarr;<\/span><\/a><\/p>\n","protected":false},"author":1,"featured_media":0,"comment_status":"closed","ping_status":"open","sticky":false,"template":"","format":"standard","meta":{"_jetpack_memberships_contains_paid_content":false,"footnotes":""},"categories":[1],"tags":[],"class_list":["post-756","post","type-post","status-publish","format-standard","hentry","category-allgemein"],"jetpack_featured_media_url":"","jetpack_sharing_enabled":true,"_links":{"self":[{"href":"https:\/\/lisdorf.de\/index.php?rest_route=\/wp\/v2\/posts\/756","targetHints":{"allow":["GET"]}}],"collection":[{"href":"https:\/\/lisdorf.de\/index.php?rest_route=\/wp\/v2\/posts"}],"about":[{"href":"https:\/\/lisdorf.de\/index.php?rest_route=\/wp\/v2\/types\/post"}],"author":[{"embeddable":true,"href":"https:\/\/lisdorf.de\/index.php?rest_route=\/wp\/v2\/users\/1"}],"replies":[{"embeddable":true,"href":"https:\/\/lisdorf.de\/index.php?rest_route=%2Fwp%2Fv2%2Fcomments&post=756"}],"version-history":[{"count":4,"href":"https:\/\/lisdorf.de\/index.php?rest_route=\/wp\/v2\/posts\/756\/revisions"}],"predecessor-version":[{"id":765,"href":"https:\/\/lisdorf.de\/index.php?rest_route=\/wp\/v2\/posts\/756\/revisions\/765"}],"wp:attachment":[{"href":"https:\/\/lisdorf.de\/index.php?rest_route=%2Fwp%2Fv2%2Fmedia&parent=756"}],"wp:term":[{"taxonomy":"category","embeddable":true,"href":"https:\/\/lisdorf.de\/index.php?rest_route=%2Fwp%2Fv2%2Fcategories&post=756"},{"taxonomy":"post_tag","embeddable":true,"href":"https:\/\/lisdorf.de\/index.php?rest_route=%2Fwp%2Fv2%2Ftags&post=756"}],"curies":[{"name":"wp","href":"https:\/\/api.w.org\/{rel}","templated":true}]}}