{"id":748,"date":"2015-07-20T10:52:19","date_gmt":"2015-07-20T08:52:19","guid":{"rendered":"http:\/\/lisdorf.de\/?p=748"},"modified":"2015-07-21T08:45:29","modified_gmt":"2015-07-21T06:45:29","slug":"lisdorfer-praesenz-bei-der-wallpartie","status":"publish","type":"post","link":"https:\/\/lisdorf.de\/?p=748","title":{"rendered":"Lisdorfer Pr\u00e4senz bei der Wallpartie"},"content":{"rendered":"<p style=\"text-align: justify;\">Zum letzten Mal fand im Saarlouiser Stadtgarten die Wallpartie (Wettkampf der Saarlouiser Stadtteile) statt. Seit 2009 stellte der Verein &#8222;Lisdorf &#8230; alles im gr\u00fcnen Bereich e. V.&#8220; eine Mannschaft die zu den Wettk\u00e4mpfen antrat.<br \/>\nAm Sonntag den 19. August war es wieder soweit. Die\u00a0 K\u00e4mpfer f\u00fcr Lisdorf kamen aus verschiedenen Lisdorfer Vereinen um noch einmal unseren Stadtteil zu vertreten.\u00a0 Bis zum 4. Spiel lag man noch auf Position 4 in der Gesamtwertung. Bei dem letzten Spiel wurden Teams mit Teilnehmern aller Stadtteile gebildet. So haben bei der Schlussabrechnung alle Mannscaften die gleiche Punktzahl erreicht. Es gab also nur Gewinner. Schade das die Resonanz auf diese Wettk\u00e4mpfe\u00a0 bei der Bev\u00f6lkerung sehr gering war, was letzt endlich zum Aus gef\u00fchrt hat. Uns hat es auf jeden Fall Spa\u00df gemacht. Und\u00a0 an alle die mit gemacht haben f\u00fcr Lisdorf, ein herzliches Dankesch\u00f6n.<\/p>\n<p style=\"text-align: center;\"><a href=\"https:\/\/lisdorf.de\/wp-content\/uploads\/2015\/07\/20150719_160159.jpg\"><img loading=\"lazy\" decoding=\"async\" class=\"alignnone size-medium wp-image-743\" src=\"https:\/\/lisdorf.de\/wp-content\/uploads\/2015\/07\/20150719_160159-300x169.jpg\" alt=\"20150719_160159\" width=\"300\" height=\"169\" srcset=\"https:\/\/lisdorf.de\/wp-content\/uploads\/2015\/07\/20150719_160159-300x169.jpg 300w, https:\/\/lisdorf.de\/wp-content\/uploads\/2015\/07\/20150719_160159-510x287.jpg 510w, https:\/\/lisdorf.de\/wp-content\/uploads\/2015\/07\/20150719_160159.jpg 1000w\" sizes=\"auto, (max-width: 300px) 100vw, 300px\" \/><\/a><a href=\"https:\/\/lisdorf.de\/wp-content\/uploads\/2015\/07\/20150719_121943.jpg\"><img loading=\"lazy\" decoding=\"async\" class=\"alignnone size-medium wp-image-741\" src=\"https:\/\/lisdorf.de\/wp-content\/uploads\/2015\/07\/20150719_121943-300x169.jpg\" alt=\"20150719_121943\" width=\"300\" height=\"169\" srcset=\"https:\/\/lisdorf.de\/wp-content\/uploads\/2015\/07\/20150719_121943-300x169.jpg 300w, https:\/\/lisdorf.de\/wp-content\/uploads\/2015\/07\/20150719_121943-510x287.jpg 510w, https:\/\/lisdorf.de\/wp-content\/uploads\/2015\/07\/20150719_121943.jpg 1000w\" sizes=\"auto, (max-width: 300px) 100vw, 300px\" \/><\/a> <a href=\"https:\/\/lisdorf.de\/wp-content\/uploads\/2015\/07\/20150719_155024.jpg\"><img loading=\"lazy\" decoding=\"async\" class=\"alignnone size-medium wp-image-742\" src=\"https:\/\/lisdorf.de\/wp-content\/uploads\/2015\/07\/20150719_155024-300x169.jpg\" alt=\"20150719_155024\" width=\"300\" height=\"169\" srcset=\"https:\/\/lisdorf.de\/wp-content\/uploads\/2015\/07\/20150719_155024-300x169.jpg 300w, https:\/\/lisdorf.de\/wp-content\/uploads\/2015\/07\/20150719_155024-510x287.jpg 510w, https:\/\/lisdorf.de\/wp-content\/uploads\/2015\/07\/20150719_155024.jpg 1000w\" sizes=\"auto, (max-width: 300px) 100vw, 300px\" \/><\/a> <a href=\"https:\/\/lisdorf.de\/wp-content\/uploads\/2015\/07\/20150719_113211.jpg\"><img loading=\"lazy\" decoding=\"async\" class=\"alignnone size-medium wp-image-740\" src=\"https:\/\/lisdorf.de\/wp-content\/uploads\/2015\/07\/20150719_113211-300x169.jpg\" alt=\"20150719_113211\" width=\"300\" height=\"169\" srcset=\"https:\/\/lisdorf.de\/wp-content\/uploads\/2015\/07\/20150719_113211-300x169.jpg 300w, https:\/\/lisdorf.de\/wp-content\/uploads\/2015\/07\/20150719_113211-510x287.jpg 510w, https:\/\/lisdorf.de\/wp-content\/uploads\/2015\/07\/20150719_113211.jpg 1000w\" sizes=\"auto, (max-width: 300px) 100vw, 300px\" \/><\/a><\/p>\n<p style=\"text-align: justify;\"><a href=\"http:\/\/www.saarbruecker-zeitung.de\/saarland\/saarlouis\/saarlouis\/saarlouis\/Saarlouis;art447044,5828772\" target=\"_blank\">Bericht Saarbr\u00fccker Zeitung vom 21. Juli 2015<\/a><\/p>\n","protected":false},"excerpt":{"rendered":"<p>Zum letzten Mal fand im Saarlouiser Stadtgarten die Wallpartie (Wettkampf der Saarlouiser Stadtteile) statt. Seit 2009 stellte der Verein &#8222;Lisdorf &#8230; alles im gr\u00fcnen Bereich e. V.&#8220; eine Mannschaft die &hellip; <a href=\"https:\/\/lisdorf.de\/?p=748\" class=\"more-link\"><span class=\"screen-reader-text\">Lisdorfer Pr\u00e4senz bei der Wallpartie<\/span> weiterlesen <span class=\"meta-nav\">&rarr;<\/span><\/a><\/p>\n","protected":false},"author":1,"featured_media":0,"comment_status":"closed","ping_status":"open","sticky":false,"template":"","format":"standard","meta":{"_jetpack_memberships_contains_paid_content":false,"footnotes":""},"categories":[1],"tags":[],"class_list":["post-748","post","type-post","status-publish","format-standard","hentry","category-allgemein"],"jetpack_featured_media_url":"","jetpack_sharing_enabled":true,"_links":{"self":[{"href":"https:\/\/lisdorf.de\/index.php?rest_route=\/wp\/v2\/posts\/748","targetHints":{"allow":["GET"]}}],"collection":[{"href":"https:\/\/lisdorf.de\/index.php?rest_route=\/wp\/v2\/posts"}],"about":[{"href":"https:\/\/lisdorf.de\/index.php?rest_route=\/wp\/v2\/types\/post"}],"author":[{"embeddable":true,"href":"https:\/\/lisdorf.de\/index.php?rest_route=\/wp\/v2\/users\/1"}],"replies":[{"embeddable":true,"href":"https:\/\/lisdorf.de\/index.php?rest_route=%2Fwp%2Fv2%2Fcomments&post=748"}],"version-history":[{"count":3,"href":"https:\/\/lisdorf.de\/index.php?rest_route=\/wp\/v2\/posts\/748\/revisions"}],"predecessor-version":[{"id":751,"href":"https:\/\/lisdorf.de\/index.php?rest_route=\/wp\/v2\/posts\/748\/revisions\/751"}],"wp:attachment":[{"href":"https:\/\/lisdorf.de\/index.php?rest_route=%2Fwp%2Fv2%2Fmedia&parent=748"}],"wp:term":[{"taxonomy":"category","embeddable":true,"href":"https:\/\/lisdorf.de\/index.php?rest_route=%2Fwp%2Fv2%2Fcategories&post=748"},{"taxonomy":"post_tag","embeddable":true,"href":"https:\/\/lisdorf.de\/index.php?rest_route=%2Fwp%2Fv2%2Ftags&post=748"}],"curies":[{"name":"wp","href":"https:\/\/api.w.org\/{rel}","templated":true}]}}