{"id":736,"date":"2015-07-19T22:06:03","date_gmt":"2015-07-19T20:06:03","guid":{"rendered":"http:\/\/lisdorf.de\/?p=736"},"modified":"2015-07-19T22:12:39","modified_gmt":"2015-07-19T20:12:39","slug":"konzert-highlight","status":"publish","type":"post","link":"https:\/\/lisdorf.de\/?p=736","title":{"rendered":"Konzert-Highlight"},"content":{"rendered":"<p>Die klingende Kirche hat es wieder geschaftt ein Konzert der Extraklasse in Lisdorf auf die B\u00fchne zu zaubern.<\/p>\n<p>Hier der Bericht aus der <a href=\"http:\/\/www.saarbruecker-zeitung.de\/saarland\/saarlouis\/saarlouis\/saarlouis\/Saarlouis-Filme-Konzerte-und-Konzertreihen-Melodien-Musical-Oper-Operette;art447044,5827202\" target=\"_blank\">Saarbr\u00fccker Zeitung von Jutta Stamm, 20.07.2015<\/a><\/p>\n<div class=\"item-teaser\" style=\"text-align: justify;\">Viele Kulturschaffende um den k\u00fcnstlerischen Leiter G\u00fcnter Donie machten das inzwischen zw\u00f6lfte Open-Air-Konzert in Lisdorf erst m\u00f6glich. Auf dem Programm standen Melodien aus Oper, Operette, Musical und Film. Die humorige und informative Moderation lag in den H\u00e4nden von Heike Breitenmoser und Hans-Werner Strau\u00df.<\/div>\n<div class=\"item-text\" style=\"text-align: justify;\">Alle Versprechen, die Hans-Werner Strau\u00df gab, bewahrheiteten sich: \u201egute Musik, tolle K\u00fcnstler, kein Tropfen Regen.\u201c Ein drohendes Gewitter zog \u00fcber Lisdorf hinweg. Wahrscheinlich hat die gro\u00dfartige Musik es vertrieben, denn davon gab es genug \u2013 quer durch die Literatur. Eine erste \u00dcberraschung war Anja Jung, Ensemblemitglied am <a href=\"http:\/\/www.saarbruecker-zeitung.de\/organisation.=Theater+Freiburg\/\">Theater Freiburg<\/a>, die f\u00fcr Mezzosopranistin Madara Dziedataja einsprang \u2013 eine opulente Stimme, die \u00fcber ein breites Register verf\u00fcgt und in tiefen Lagen einen herrlich weichen, volumin\u00f6sen Klang erzeugt. Das Publikum war von Anfang an beeindruckt und immer wieder.<\/div>\n<div class=\"item-text\" style=\"text-align: center;\"><a href=\"https:\/\/lisdorf.de\/wp-content\/uploads\/2015\/07\/20150717_202448.jpg\"><img loading=\"lazy\" decoding=\"async\" class=\" size-medium wp-image-739 aligncenter\" src=\"https:\/\/lisdorf.de\/wp-content\/uploads\/2015\/07\/20150717_202448-300x169.jpg\" alt=\"20150717_202448\" width=\"300\" height=\"169\" srcset=\"https:\/\/lisdorf.de\/wp-content\/uploads\/2015\/07\/20150717_202448-300x169.jpg 300w, https:\/\/lisdorf.de\/wp-content\/uploads\/2015\/07\/20150717_202448-510x287.jpg 510w, https:\/\/lisdorf.de\/wp-content\/uploads\/2015\/07\/20150717_202448.jpg 1000w\" sizes=\"auto, (max-width: 300px) 100vw, 300px\" \/><\/a>Bild HG<\/div>\n<div class=\"item-text\"><\/div>\n<div class=\"item-text\" style=\"text-align: justify;\">V\u00f6llig anders pr\u00e4sentiert sich Sabine Becker. Die Saarlouiserin geh\u00f6rt bereits zum Stammpersonal dieses Open Airs. Mit ihrem mitrei\u00dfenden Esprit und ihrem biegsamen Sopran meistert sie jede Anforderung. Dagegen gab <a href=\"http:\/\/www.saarbruecker-zeitung.de\/person.=Michael+M%FCller\/\">Michael M\u00fcller<\/a>, Tenor, sein Deb\u00fct. Dank guter Atemtechnik gelangen ihm besonders gut die Kantilenen des \u201eE lucevan le stelle\u201c aus Tosca von Puccini. Und auch der junge Julien Hirschauer (Bass) best\u00e4tigte Donie, wieder mal eine gl\u00fcckliche Hand bei der Wahl der Solisten gehabt zu haben.<\/div>\n<div class=\"item-text\" style=\"text-align: center;\"><a href=\"https:\/\/lisdorf.de\/wp-content\/uploads\/2015\/07\/20150717_202434.jpg\"><img loading=\"lazy\" decoding=\"async\" class=\" size-medium wp-image-738 aligncenter\" src=\"https:\/\/lisdorf.de\/wp-content\/uploads\/2015\/07\/20150717_202434-300x169.jpg\" alt=\"20150717_202434\" width=\"300\" height=\"169\" srcset=\"https:\/\/lisdorf.de\/wp-content\/uploads\/2015\/07\/20150717_202434-300x169.jpg 300w, https:\/\/lisdorf.de\/wp-content\/uploads\/2015\/07\/20150717_202434-510x287.jpg 510w, https:\/\/lisdorf.de\/wp-content\/uploads\/2015\/07\/20150717_202434.jpg 1000w\" sizes=\"auto, (max-width: 300px) 100vw, 300px\" \/><\/a>Bild HG<\/div>\n<div class=\"item-text\" style=\"text-align: justify;\">Schon zum Auftakt hatte das Kreisjugendorchester (KJO) unter seiner bew\u00e4hrten Leitung K\u00f6nnen und Enthusiasmus mit \u201eUn giorno di regno: Sinfonia\u201c von Verdi unter Beweis gestellt. Homogene Streicher und intonationssichere Bl\u00e4ser spielten das feurige Werk aus dem Genre der Opera buffa, eine fr\u00fche Komposition von Verdi, die bei der Urauff\u00fchrung (1840) in der Mail\u00e4nder Scala ausgepfiffen wurde. Verdi soll dar\u00fcber so verzweifelt gewesen sein, dass er das Komponieren habe aufgeben wollen. Was f\u00fcr ein Verlust f\u00fcr die Opernwelt w\u00e4re das gewesen.<br \/>\n<a href=\"https:\/\/lisdorf.de\/wp-content\/uploads\/2015\/07\/20150717_195226.jpg\"><img loading=\"lazy\" decoding=\"async\" class=\" size-medium wp-image-737 aligncenter\" src=\"https:\/\/lisdorf.de\/wp-content\/uploads\/2015\/07\/20150717_195226-300x169.jpg\" alt=\"20150717_195226\" width=\"300\" height=\"169\" srcset=\"https:\/\/lisdorf.de\/wp-content\/uploads\/2015\/07\/20150717_195226-300x169.jpg 300w, https:\/\/lisdorf.de\/wp-content\/uploads\/2015\/07\/20150717_195226-510x287.jpg 510w, https:\/\/lisdorf.de\/wp-content\/uploads\/2015\/07\/20150717_195226.jpg 1000w\" sizes=\"auto, (max-width: 300px) 100vw, 300px\" \/><\/a><\/div>\n<div class=\"item-text\" style=\"text-align: center;\">Bild HG<\/div>\n<div class=\"item-text\" style=\"text-align: justify;\">Erstmals auf der Lisdorfer B\u00fchne war auch der bekannte und stimmlich gut aufgestellte Jazzchor United Voices. Unter Leitung von Dietmar Strau\u00df und in Begleitung der beliebten Gruppe Fourtissimo machten sie Stimmung mit Songs der Goldenen 20er Jahre. Ebenso bravour\u00f6s zeigte sich der 142 S\u00e4nger starke Chor des RSG. Mit Filmmelodien wie aus dem \u201ePhantom der <a href=\"http:\/\/www.saarbruecker-zeitung.de\/Oper:\/\">Oper<\/a>\u201c trafen sie nicht nur den eigenen Geschmack.Immer wieder spannend bleibt, welche Gew\u00e4chse aus den Reihen seiner Sch\u00fcler Donie aus dem Hut zaubert. Dazu geh\u00f6rt Lisa Saterdag, die schon 2009 im Alter von 13 Jahren auffiel. Sie brachte mit der hinrei\u00dfend gespielten \u201eIntroduction et rondo capriccioso\u201c von Saint-Sa\u00ebns die Konzertarena ins Schw\u00e4rmen \u2013 ein St\u00fcck, das der Geigerin einen hohen Grad an Virtuosit\u00e4t abverlangte. Aber auch das Duo Tatjana Deutsch (Sopran) und Sophia Buhl (Mezzo) gl\u00e4nzte mit einem spritzigen Auftritt und guten Stimmen.Nicht unerw\u00e4hnt bleibt Organist Armin Lamar. Dank einer \u00dcbertragung aus der Kirche und dem perfekten Einsatz gelang hervorragend das Zusammenspiel mit dem Orchester, so dass das Musikst\u00fcck \u201eGrand Coeur Dialogu\u00e9\u201c von Gigout als Frage- und Antwortspiel zu einem weiteren H\u00f6hepunkt geriet. Ein gelungener Abend, der mit \u201eTime to say good bye\u201c und wilden Bravorufen den Schlusspunkt setzte.<\/p>\n<\/div>\n<div class=\"item-text\" style=\"text-align: justify;\"><\/div>\n<div class=\"item-text\"><\/div>\n","protected":false},"excerpt":{"rendered":"<p>Die klingende Kirche hat es wieder geschaftt ein Konzert der Extraklasse in Lisdorf auf die B\u00fchne zu zaubern. Hier der Bericht aus der Saarbr\u00fccker Zeitung von Jutta Stamm, 20.07.2015 Viele &hellip; <a href=\"https:\/\/lisdorf.de\/?p=736\" class=\"more-link\"><span class=\"screen-reader-text\">Konzert-Highlight<\/span> weiterlesen <span class=\"meta-nav\">&rarr;<\/span><\/a><\/p>\n","protected":false},"author":1,"featured_media":0,"comment_status":"closed","ping_status":"open","sticky":false,"template":"","format":"standard","meta":{"_jetpack_memberships_contains_paid_content":false,"footnotes":""},"categories":[1],"tags":[],"class_list":["post-736","post","type-post","status-publish","format-standard","hentry","category-allgemein"],"jetpack_featured_media_url":"","jetpack_sharing_enabled":true,"_links":{"self":[{"href":"https:\/\/lisdorf.de\/index.php?rest_route=\/wp\/v2\/posts\/736","targetHints":{"allow":["GET"]}}],"collection":[{"href":"https:\/\/lisdorf.de\/index.php?rest_route=\/wp\/v2\/posts"}],"about":[{"href":"https:\/\/lisdorf.de\/index.php?rest_route=\/wp\/v2\/types\/post"}],"author":[{"embeddable":true,"href":"https:\/\/lisdorf.de\/index.php?rest_route=\/wp\/v2\/users\/1"}],"replies":[{"embeddable":true,"href":"https:\/\/lisdorf.de\/index.php?rest_route=%2Fwp%2Fv2%2Fcomments&post=736"}],"version-history":[{"count":4,"href":"https:\/\/lisdorf.de\/index.php?rest_route=\/wp\/v2\/posts\/736\/revisions"}],"predecessor-version":[{"id":747,"href":"https:\/\/lisdorf.de\/index.php?rest_route=\/wp\/v2\/posts\/736\/revisions\/747"}],"wp:attachment":[{"href":"https:\/\/lisdorf.de\/index.php?rest_route=%2Fwp%2Fv2%2Fmedia&parent=736"}],"wp:term":[{"taxonomy":"category","embeddable":true,"href":"https:\/\/lisdorf.de\/index.php?rest_route=%2Fwp%2Fv2%2Fcategories&post=736"},{"taxonomy":"post_tag","embeddable":true,"href":"https:\/\/lisdorf.de\/index.php?rest_route=%2Fwp%2Fv2%2Ftags&post=736"}],"curies":[{"name":"wp","href":"https:\/\/api.w.org\/{rel}","templated":true}]}}