{"id":6709,"date":"2026-03-17T17:47:55","date_gmt":"2026-03-17T16:47:55","guid":{"rendered":"https:\/\/lisdorf.de\/?p=6709"},"modified":"2026-03-17T18:12:14","modified_gmt":"2026-03-17T17:12:14","slug":"kfd-st-elisabeth-saarlouis-uebergibt-dem-st-barbara-hospiz-in-bous-eine-spende-von-1000-euro","status":"publish","type":"post","link":"https:\/\/lisdorf.de\/?p=6709","title":{"rendered":"Spende von der Kfd St. Elisabeth Saarlouis an Hospiz Bous"},"content":{"rendered":"<p>Die kfd St. Elisabeth Saarlouis beteiligt sich alle zwei Jahre am \u201eHerbstsalon\u201c mit dem Verkauf von Handarbeiten, Kaffee und Kuchen. Der Erl\u00f6s, den die kfd dort erwirtschaftet sowie der Erl\u00f6s aus dem Verkauf im Weihnachtsh\u00e4uschen der Stadt Saarlouis auf dem Weihnachtsmarkt wird an eine Institution im Saarland und an ein kfd-Projekt gespendet.<\/p>\n<p>In diesem Jahr wurde der \u00a0Erl\u00f6s an das St. Barbara Hospiz in Bous und an das Kfd Projekt Amica gespendet. Das St. Barbara Hospiz unterst\u00fctzt schwerstkranke und sterbende Menschen in ihrem Wunsch, ihr Leben so lange wie m\u00f6glich in eigener Verantwortung zu gestalten. Die Spende in H\u00f6he von 1000 Euro wurde der Hospizleitung Brigitte Pistorius von dem kfd Team Frau Arnold und Frau Hild \u00fcberreicht Das Projekt Amica e. V. unterst\u00fctzt im Libanon Frauen, die von Syrien in Libanon gefl\u00fcchtet sind und bietet Ihnen Hilfe, Schutz und psychosoziale Unterst\u00fctzung. Den Kindern wird die Schulbildung erm\u00f6glicht.<\/p>\n<p>Hintergrundinfo:<\/p>\n<p>Die Kfd St. Elisabeth geh\u00f6rt dem kfd Bundesverband an, der mit rund 265.000 Mitgliedern der gr\u00f6\u00dfte katholische Frauenverband in Deutschland ist, der sich f\u00fcr Interessen von Frauen in Kirche, Politik und Gesellschaft einsetzt.<\/p>\n<p>&nbsp;<\/p>\n","protected":false},"excerpt":{"rendered":"<p>Die kfd St. Elisabeth Saarlouis beteiligt sich alle zwei Jahre am \u201eHerbstsalon\u201c mit dem Verkauf von Handarbeiten, Kaffee und Kuchen. Der Erl\u00f6s, den die kfd dort erwirtschaftet sowie der Erl\u00f6s &hellip; <a href=\"https:\/\/lisdorf.de\/?p=6709\" class=\"more-link\"><span class=\"screen-reader-text\">Spende von der Kfd St. Elisabeth Saarlouis an Hospiz Bous<\/span> weiterlesen <span class=\"meta-nav\">&rarr;<\/span><\/a><\/p>\n","protected":false},"author":12,"featured_media":6715,"comment_status":"closed","ping_status":"closed","sticky":false,"template":"","format":"standard","meta":{"_jetpack_memberships_contains_paid_content":false,"footnotes":""},"categories":[1],"tags":[],"class_list":["post-6709","post","type-post","status-publish","format-standard","has-post-thumbnail","hentry","category-allgemein"],"jetpack_featured_media_url":"https:\/\/lisdorf.de\/wp-content\/uploads\/2026\/03\/20260302_1505191-scaled-e1773765977349.jpg","jetpack_sharing_enabled":true,"_links":{"self":[{"href":"https:\/\/lisdorf.de\/index.php?rest_route=\/wp\/v2\/posts\/6709","targetHints":{"allow":["GET"]}}],"collection":[{"href":"https:\/\/lisdorf.de\/index.php?rest_route=\/wp\/v2\/posts"}],"about":[{"href":"https:\/\/lisdorf.de\/index.php?rest_route=\/wp\/v2\/types\/post"}],"author":[{"embeddable":true,"href":"https:\/\/lisdorf.de\/index.php?rest_route=\/wp\/v2\/users\/12"}],"replies":[{"embeddable":true,"href":"https:\/\/lisdorf.de\/index.php?rest_route=%2Fwp%2Fv2%2Fcomments&post=6709"}],"version-history":[{"count":2,"href":"https:\/\/lisdorf.de\/index.php?rest_route=\/wp\/v2\/posts\/6709\/revisions"}],"predecessor-version":[{"id":6716,"href":"https:\/\/lisdorf.de\/index.php?rest_route=\/wp\/v2\/posts\/6709\/revisions\/6716"}],"wp:featuredmedia":[{"embeddable":true,"href":"https:\/\/lisdorf.de\/index.php?rest_route=\/wp\/v2\/media\/6715"}],"wp:attachment":[{"href":"https:\/\/lisdorf.de\/index.php?rest_route=%2Fwp%2Fv2%2Fmedia&parent=6709"}],"wp:term":[{"taxonomy":"category","embeddable":true,"href":"https:\/\/lisdorf.de\/index.php?rest_route=%2Fwp%2Fv2%2Fcategories&post=6709"},{"taxonomy":"post_tag","embeddable":true,"href":"https:\/\/lisdorf.de\/index.php?rest_route=%2Fwp%2Fv2%2Ftags&post=6709"}],"curies":[{"name":"wp","href":"https:\/\/api.w.org\/{rel}","templated":true}]}}