{"id":6084,"date":"2025-04-11T09:08:33","date_gmt":"2025-04-11T07:08:33","guid":{"rendered":"http:\/\/lisdorf.de\/?p=6084"},"modified":"2025-04-11T09:19:46","modified_gmt":"2025-04-11T07:19:46","slug":"die-feuerwehr-lisdorf-laedt-ein-zum-maibaumsetzen-2025","status":"publish","type":"post","link":"https:\/\/lisdorf.de\/?p=6084","title":{"rendered":"Die Feuerwehr Lisdorf l\u00e4dt ein zum Maibaumsetzen 2025"},"content":{"rendered":"<p>Am 30. April ab 18 Uhr laden wir herzlich zum traditionellen Maibaumsetzen des L\u00f6schbezirks Lisdorf der Feuerwehr Saarlouis ein. Nach den Gru\u00dfworten unseres neuen L\u00f6schbezirksf\u00fchrers Christoph Jenal und Beitr\u00e4gen der befreundeten Vereine werden wir gemeinsam gegen 18:30 Uhr den Maibaum aufstellen.<\/p>\n<p>Im Anschluss m\u00f6chten wir Sie zu einem gem\u00fctlichen Beisammensein einladen, um gemeinsam in den Mai zu feiern.<\/p>\n<p>Wir freuen uns auf Ihr Kommen!<\/p>\n<p><img loading=\"lazy\" decoding=\"async\" class=\"aligncenter size-full wp-image-6089\" src=\"https:\/\/lisdorf.de\/wp-content\/uploads\/2025\/04\/Plakat-Maibaumsetzen-2025-1.jpg\" alt=\"\" width=\"1752\" height=\"2479\" srcset=\"https:\/\/lisdorf.de\/wp-content\/uploads\/2025\/04\/Plakat-Maibaumsetzen-2025-1.jpg 1752w, https:\/\/lisdorf.de\/wp-content\/uploads\/2025\/04\/Plakat-Maibaumsetzen-2025-1-300x424.jpg 300w, https:\/\/lisdorf.de\/wp-content\/uploads\/2025\/04\/Plakat-Maibaumsetzen-2025-1-565x800.jpg 565w, https:\/\/lisdorf.de\/wp-content\/uploads\/2025\/04\/Plakat-Maibaumsetzen-2025-1-707x1000.jpg 707w, https:\/\/lisdorf.de\/wp-content\/uploads\/2025\/04\/Plakat-Maibaumsetzen-2025-1-106x150.jpg 106w, https:\/\/lisdorf.de\/wp-content\/uploads\/2025\/04\/Plakat-Maibaumsetzen-2025-1-768x1087.jpg 768w, https:\/\/lisdorf.de\/wp-content\/uploads\/2025\/04\/Plakat-Maibaumsetzen-2025-1-1086x1536.jpg 1086w, https:\/\/lisdorf.de\/wp-content\/uploads\/2025\/04\/Plakat-Maibaumsetzen-2025-1-1447x2048.jpg 1447w\" sizes=\"auto, (max-width: 1752px) 100vw, 1752px\" \/><\/p>\n","protected":false},"excerpt":{"rendered":"<p>Am 30. April ab 18 Uhr laden wir herzlich zum traditionellen Maibaumsetzen des L\u00f6schbezirks Lisdorf der Feuerwehr Saarlouis ein. Nach den Gru\u00dfworten unseres neuen L\u00f6schbezirksf\u00fchrers Christoph Jenal und Beitr\u00e4gen der &hellip; <a href=\"https:\/\/lisdorf.de\/?p=6084\" class=\"more-link\"><span class=\"screen-reader-text\">Die Feuerwehr Lisdorf l\u00e4dt ein zum Maibaumsetzen 2025<\/span> weiterlesen <span class=\"meta-nav\">&rarr;<\/span><\/a><\/p>\n","protected":false},"author":17,"featured_media":0,"comment_status":"closed","ping_status":"closed","sticky":false,"template":"","format":"standard","meta":{"_jetpack_memberships_contains_paid_content":false,"footnotes":""},"categories":[1],"tags":[],"class_list":["post-6084","post","type-post","status-publish","format-standard","hentry","category-allgemein"],"jetpack_featured_media_url":"","jetpack_sharing_enabled":true,"_links":{"self":[{"href":"https:\/\/lisdorf.de\/index.php?rest_route=\/wp\/v2\/posts\/6084","targetHints":{"allow":["GET"]}}],"collection":[{"href":"https:\/\/lisdorf.de\/index.php?rest_route=\/wp\/v2\/posts"}],"about":[{"href":"https:\/\/lisdorf.de\/index.php?rest_route=\/wp\/v2\/types\/post"}],"author":[{"embeddable":true,"href":"https:\/\/lisdorf.de\/index.php?rest_route=\/wp\/v2\/users\/17"}],"replies":[{"embeddable":true,"href":"https:\/\/lisdorf.de\/index.php?rest_route=%2Fwp%2Fv2%2Fcomments&post=6084"}],"version-history":[{"count":4,"href":"https:\/\/lisdorf.de\/index.php?rest_route=\/wp\/v2\/posts\/6084\/revisions"}],"predecessor-version":[{"id":6087,"href":"https:\/\/lisdorf.de\/index.php?rest_route=\/wp\/v2\/posts\/6084\/revisions\/6087"}],"wp:attachment":[{"href":"https:\/\/lisdorf.de\/index.php?rest_route=%2Fwp%2Fv2%2Fmedia&parent=6084"}],"wp:term":[{"taxonomy":"category","embeddable":true,"href":"https:\/\/lisdorf.de\/index.php?rest_route=%2Fwp%2Fv2%2Fcategories&post=6084"},{"taxonomy":"post_tag","embeddable":true,"href":"https:\/\/lisdorf.de\/index.php?rest_route=%2Fwp%2Fv2%2Ftags&post=6084"}],"curies":[{"name":"wp","href":"https:\/\/api.w.org\/{rel}","templated":true}]}}