{"id":6021,"date":"2025-01-19T10:18:05","date_gmt":"2025-01-19T09:18:05","guid":{"rendered":"https:\/\/lisdorf.de\/?p=6021"},"modified":"2025-01-19T10:18:53","modified_gmt":"2025-01-19T09:18:53","slug":"jahreshauptversammlung-und-neuwahlen-im-loeschbezirk-lisdorf","status":"publish","type":"post","link":"https:\/\/lisdorf.de\/?p=6021","title":{"rendered":"Jahreshauptversammlung und Neuwahlen im L\u00f6schbezirk Lisdorf"},"content":{"rendered":"<p>Am 12. Januar 2025 fand im L\u00f6schbezirk Lisdorf die j\u00e4hrliche Hauptversammlung statt. Nach der Begr\u00fc\u00dfung durch den kommissarischen L\u00f6schbezirksf\u00fchrer Michael Wiltz berichtete dieser weiter \u00fcber den aktuellen Stand des L\u00f6schbezirks und die Aktivit\u00e4ten und Ereignisse des vergangenen Jahres. Im weiteren Verlauf folgten die Berichte der Leiter der Kinder- und Jugendfeuerwehr. B\u00fcrgermeister Carsten Quirin und Wehrf\u00fchrer Christopher Freichel dankten der gesamten Mannschaft f\u00fcr ihr Engagement im vergangenen Jahr, insbesondere f\u00fcr die wichtige Nachwuchsarbeit.<br \/>\nEin Kernpunkt war die Wahl des neuen L\u00f6schbezirksf\u00fchrers: Mit \u00fcberw\u00e4ltigender Mehrheit wurde Christoph Jenal zum Nachfolger von Christopher Freichel gew\u00e4hlt, der nun das Amt des Wehrf\u00fchrers der Feuerwehr Saarlouis bekleidet. Thorsten Bernard wurde zum zweiten Stellvertreter neben Michael Wiltz bestimmt. Ebenfalls durch eine Wahl wurden der amtierende Kassierer sowie der Schriftf\u00fchrer in ihrem Amt best\u00e4tigt.<br \/>\nDie Einsatzbilanz des vergangenen Jahres fiel eindrucksvoll aus: 118 Eins\u00e4tze und 11.481 geleistete Dienststunden verdeutlichen die gestiegenen Anforderungen an den L\u00f6schbezirk. Besonders herausfordernd war der landesweite Hochwassereinsatz am Pfingstwochenende. Zum Abschluss wurden OBM Albert Bernard und BM Martin Loris f\u00fcr 50 Jahre Feuerwehrzugeh\u00f6rigkeit durch den saarl\u00e4ndischen Feuerwehrverband geehrt.<\/p>\n<p>Den ausf\u00fchrlichen Bericht und weitere Details sind auf der Webseite der Freiwilligen Feuerwehr Saarlouis unter folgendem Link zu finden:<\/p>\n<p><a href=\"http:\/\/www.feuerwehr.saarlouis.de\/aktuell+M53549964f1d.0.html\">Jahreshauptversammlung 2025 im L\u00f6schbezirk Lisdorf<\/a><\/p>\n<p><img loading=\"lazy\" decoding=\"async\" class=\"aligncenter size-full wp-image-6023\" src=\"https:\/\/lisdorf.de\/wp-content\/uploads\/2025\/01\/IMG_3104_NEO-scaled.jpeg\" alt=\"\" width=\"2560\" height=\"1707\" srcset=\"https:\/\/lisdorf.de\/wp-content\/uploads\/2025\/01\/IMG_3104_NEO-scaled.jpeg 2560w, https:\/\/lisdorf.de\/wp-content\/uploads\/2025\/01\/IMG_3104_NEO-scaled-300x200.jpeg 300w, https:\/\/lisdorf.de\/wp-content\/uploads\/2025\/01\/IMG_3104_NEO-1000x667.jpeg 1000w, https:\/\/lisdorf.de\/wp-content\/uploads\/2025\/01\/IMG_3104_NEO-1200x800.jpeg 1200w, https:\/\/lisdorf.de\/wp-content\/uploads\/2025\/01\/IMG_3104_NEO-150x100.jpeg 150w, https:\/\/lisdorf.de\/wp-content\/uploads\/2025\/01\/IMG_3104_NEO-768x512.jpeg 768w, https:\/\/lisdorf.de\/wp-content\/uploads\/2025\/01\/IMG_3104_NEO-1536x1024.jpeg 1536w, https:\/\/lisdorf.de\/wp-content\/uploads\/2025\/01\/IMG_3104_NEO-2048x1365.jpeg 2048w\" sizes=\"auto, (max-width: 2560px) 100vw, 2560px\" \/><\/p>\n<p>&nbsp;<\/p>\n","protected":false},"excerpt":{"rendered":"<p>Am 12. Januar 2025 fand im L\u00f6schbezirk Lisdorf die j\u00e4hrliche Hauptversammlung statt. Nach der Begr\u00fc\u00dfung durch den kommissarischen L\u00f6schbezirksf\u00fchrer Michael Wiltz berichtete dieser weiter \u00fcber den aktuellen Stand des L\u00f6schbezirks &hellip; <a href=\"https:\/\/lisdorf.de\/?p=6021\" class=\"more-link\"><span class=\"screen-reader-text\">Jahreshauptversammlung und Neuwahlen im L\u00f6schbezirk Lisdorf<\/span> weiterlesen <span class=\"meta-nav\">&rarr;<\/span><\/a><\/p>\n","protected":false},"author":17,"featured_media":0,"comment_status":"closed","ping_status":"closed","sticky":false,"template":"","format":"standard","meta":{"_jetpack_memberships_contains_paid_content":false,"footnotes":""},"categories":[1],"tags":[],"class_list":["post-6021","post","type-post","status-publish","format-standard","hentry","category-allgemein"],"jetpack_featured_media_url":"","jetpack_sharing_enabled":true,"_links":{"self":[{"href":"https:\/\/lisdorf.de\/index.php?rest_route=\/wp\/v2\/posts\/6021","targetHints":{"allow":["GET"]}}],"collection":[{"href":"https:\/\/lisdorf.de\/index.php?rest_route=\/wp\/v2\/posts"}],"about":[{"href":"https:\/\/lisdorf.de\/index.php?rest_route=\/wp\/v2\/types\/post"}],"author":[{"embeddable":true,"href":"https:\/\/lisdorf.de\/index.php?rest_route=\/wp\/v2\/users\/17"}],"replies":[{"embeddable":true,"href":"https:\/\/lisdorf.de\/index.php?rest_route=%2Fwp%2Fv2%2Fcomments&post=6021"}],"version-history":[{"count":3,"href":"https:\/\/lisdorf.de\/index.php?rest_route=\/wp\/v2\/posts\/6021\/revisions"}],"predecessor-version":[{"id":6025,"href":"https:\/\/lisdorf.de\/index.php?rest_route=\/wp\/v2\/posts\/6021\/revisions\/6025"}],"wp:attachment":[{"href":"https:\/\/lisdorf.de\/index.php?rest_route=%2Fwp%2Fv2%2Fmedia&parent=6021"}],"wp:term":[{"taxonomy":"category","embeddable":true,"href":"https:\/\/lisdorf.de\/index.php?rest_route=%2Fwp%2Fv2%2Fcategories&post=6021"},{"taxonomy":"post_tag","embeddable":true,"href":"https:\/\/lisdorf.de\/index.php?rest_route=%2Fwp%2Fv2%2Ftags&post=6021"}],"curies":[{"name":"wp","href":"https:\/\/api.w.org\/{rel}","templated":true}]}}