{"id":5950,"date":"2024-10-29T17:47:57","date_gmt":"2024-10-29T16:47:57","guid":{"rendered":"http:\/\/lisdorf.de\/?p=5950"},"modified":"2024-10-29T17:48:51","modified_gmt":"2024-10-29T16:48:51","slug":"vorankuendigung-lisdorfer-sankt-martins-umzug-2024","status":"publish","type":"post","link":"https:\/\/lisdorf.de\/?p=5950","title":{"rendered":"Vorank\u00fcndigung Lisdorfer Sankt-Martins-Umzug 2024"},"content":{"rendered":"<p><img loading=\"lazy\" decoding=\"async\" class=\"aligncenter size-full wp-image-5952\" src=\"https:\/\/lisdorf.de\/wp-content\/uploads\/2024\/10\/2024_Vorank_StMartin_Webseite_IG_V2.jpg\" alt=\"Ein illustriertes Werbeplakat f\u00fcr den Lisdorfer Sankt-Martins-Umzug 2024. Im Vordergrund zeigt die kindgerechte Illustration mehrere Kinder mit bunten Laternen, die in einer abendlichen Stra\u00dfenszene laufen. Sankt Martin sitzt auf einem wei\u00dfen Pferd und tr\u00e4gt einen roten Mantel. Der Hintergrund zeigt H\u00e4user mit beleuchteten Fenstern unter einem dunkelblauen Nachthimmel mit einem leuchtenden Stern. Der Haupttext in Rot auf wei\u00dfem Hintergrund gibt Zeit und Ort an: &quot;Do \u2022 07.11. \u2022 18 Uhr&quot; und &quot;Start an der Pfarrkirche&quot;. Am unteren Bildrand sind die Logos der Freiwilligen Feuerwehr Saarlouis und des LBZ Lisdorf zu sehen. Ein Vermerk nennt Gabriele Pohl vom Kindermissionswerk &quot;Die Sternsinger&quot; als Illustratorin. Die Illustration vermittelt eine warme, einladende Atmosph\u00e4re und spricht besonders Familien mit Kindern an.\" width=\"2528\" height=\"2527\" srcset=\"https:\/\/lisdorf.de\/wp-content\/uploads\/2024\/10\/2024_Vorank_StMartin_Webseite_IG_V2.jpg 2528w, https:\/\/lisdorf.de\/wp-content\/uploads\/2024\/10\/2024_Vorank_StMartin_Webseite_IG_V2-150x150.jpg 150w, https:\/\/lisdorf.de\/wp-content\/uploads\/2024\/10\/2024_Vorank_StMartin_Webseite_IG_V2-100x100.jpg 100w, https:\/\/lisdorf.de\/wp-content\/uploads\/2024\/10\/2024_Vorank_StMartin_Webseite_IG_V2-300x300.jpg 300w, https:\/\/lisdorf.de\/wp-content\/uploads\/2024\/10\/2024_Vorank_StMartin_Webseite_IG_V2-800x800.jpg 800w, https:\/\/lisdorf.de\/wp-content\/uploads\/2024\/10\/2024_Vorank_StMartin_Webseite_IG_V2-1000x1000.jpg 1000w, https:\/\/lisdorf.de\/wp-content\/uploads\/2024\/10\/2024_Vorank_StMartin_Webseite_IG_V2-768x768.jpg 768w, https:\/\/lisdorf.de\/wp-content\/uploads\/2024\/10\/2024_Vorank_StMartin_Webseite_IG_V2-1536x1536.jpg 1536w, https:\/\/lisdorf.de\/wp-content\/uploads\/2024\/10\/2024_Vorank_StMartin_Webseite_IG_V2-2048x2048.jpg 2048w\" sizes=\"auto, (max-width: 2528px) 100vw, 2528px\" \/><\/p>\n<p>Der F\u00f6rderverein der Feuerwehr Saarlouis L\u00f6schbezirk Lisdorf e. V. l\u00e4dt herzlich zum traditionellen Sankt-Martins-Umzug am Donnerstag, dem 7. November, ein. Auch in diesem Jahr freuen wir uns, diese sch\u00f6ne Tradition fortzuf\u00fchren.<br \/>\nDer Abend beginnt um 18 Uhr mit einer feierlichen Einstimmung in der Pfarrkirche St. Crispinus und St. Crispinianus. Im Anschluss f\u00fchrt St. Martina hoch zu Ross den festlichen Laternenumzug an, der von den Kl\u00e4ngen der Spielgemeinschaft Lyra begleitet wird. Ziel ist der Schulhof der Grundschule Professor-Ecker, wo bereits das traditionelle Martinsfeuer auf die Teilnehmer wartet.<br \/>\nZum gem\u00fctlichen Ausklang der Veranstaltung bieten wir kalte und warme Getr\u00e4nke sowie die beliebten Martinsbrezeln* an.<\/p>\n<p>Wir freuen uns auf einen stimmungsvollen Abend!<\/p>\n<p><strong>*Wichtiger Hinweis:<\/strong><\/p>\n<p>Die Wertbons f\u00fcr die Martinsbrezeln k\u00f6nnen bis einschlie\u00dflich Dienstag, 5. November, bei folgenden B\u00e4ckereien erworben werden:<\/p>\n<ul>\n<li>B\u00e4ckerei Wagner&#8217;s Backstube, Feldstra\u00dfe 17<\/li>\n<li>B\u00e4ckerei &amp; Konditorei Breininger, Feldstra\u00dfe 103<\/li>\n<li>B\u00e4ckerei-Konditorei Beiske, Provinzialstra\u00dfe 87<\/li>\n<\/ul>\n<p><a href=\"https:\/\/lisdorf.de\/wp-content\/uploads\/2024\/10\/2024_Flyer_StMartin_front_DinA5.pdf\">2024_Flyer_StMartin_front_DinA5<\/a><\/p>\n<p><a href=\"https:\/\/lisdorf.de\/wp-content\/uploads\/2024\/10\/2024_Flyer_StMartin_back_dinA5.pdf\">2024_Flyer_StMartin_back_dinA5<\/a><\/p>\n","protected":false},"excerpt":{"rendered":"<p>Der F\u00f6rderverein der Feuerwehr Saarlouis L\u00f6schbezirk Lisdorf e. V. l\u00e4dt herzlich zum traditionellen Sankt-Martins-Umzug am Donnerstag, dem 7. November, ein. Auch in diesem Jahr freuen wir uns, diese sch\u00f6ne Tradition &hellip; <a href=\"https:\/\/lisdorf.de\/?p=5950\" class=\"more-link\"><span class=\"screen-reader-text\">Vorank\u00fcndigung Lisdorfer Sankt-Martins-Umzug 2024<\/span> weiterlesen <span class=\"meta-nav\">&rarr;<\/span><\/a><\/p>\n","protected":false},"author":17,"featured_media":0,"comment_status":"closed","ping_status":"closed","sticky":false,"template":"","format":"standard","meta":{"_jetpack_memberships_contains_paid_content":false,"footnotes":""},"categories":[1],"tags":[],"class_list":["post-5950","post","type-post","status-publish","format-standard","hentry","category-allgemein"],"jetpack_featured_media_url":"","jetpack_sharing_enabled":true,"_links":{"self":[{"href":"https:\/\/lisdorf.de\/index.php?rest_route=\/wp\/v2\/posts\/5950","targetHints":{"allow":["GET"]}}],"collection":[{"href":"https:\/\/lisdorf.de\/index.php?rest_route=\/wp\/v2\/posts"}],"about":[{"href":"https:\/\/lisdorf.de\/index.php?rest_route=\/wp\/v2\/types\/post"}],"author":[{"embeddable":true,"href":"https:\/\/lisdorf.de\/index.php?rest_route=\/wp\/v2\/users\/17"}],"replies":[{"embeddable":true,"href":"https:\/\/lisdorf.de\/index.php?rest_route=%2Fwp%2Fv2%2Fcomments&post=5950"}],"version-history":[{"count":4,"href":"https:\/\/lisdorf.de\/index.php?rest_route=\/wp\/v2\/posts\/5950\/revisions"}],"predecessor-version":[{"id":5957,"href":"https:\/\/lisdorf.de\/index.php?rest_route=\/wp\/v2\/posts\/5950\/revisions\/5957"}],"wp:attachment":[{"href":"https:\/\/lisdorf.de\/index.php?rest_route=%2Fwp%2Fv2%2Fmedia&parent=5950"}],"wp:term":[{"taxonomy":"category","embeddable":true,"href":"https:\/\/lisdorf.de\/index.php?rest_route=%2Fwp%2Fv2%2Fcategories&post=5950"},{"taxonomy":"post_tag","embeddable":true,"href":"https:\/\/lisdorf.de\/index.php?rest_route=%2Fwp%2Fv2%2Ftags&post=5950"}],"curies":[{"name":"wp","href":"https:\/\/api.w.org\/{rel}","templated":true}]}}