{"id":5908,"date":"2024-09-09T21:30:10","date_gmt":"2024-09-09T19:30:10","guid":{"rendered":"http:\/\/lisdorf.de\/?p=5908"},"modified":"2024-09-09T21:30:10","modified_gmt":"2024-09-09T19:30:10","slug":"nachruf-hans-joachim-loris","status":"publish","type":"post","link":"https:\/\/lisdorf.de\/?p=5908","title":{"rendered":"Nachruf Hans-Joachim Loris"},"content":{"rendered":"<h4><em>Ehrenl\u00f6schbezirksf\u00fchrer des L\u00f6schbezirks Lisdorf verstorben<\/em><\/h4>\n<p>&nbsp;<\/p>\n<p><img loading=\"lazy\" decoding=\"async\" class=\"aligncenter size-full wp-image-5909\" src=\"https:\/\/lisdorf.de\/wp-content\/uploads\/2024\/09\/Bild_JL_upscale-scaled.jpeg\" alt=\"\" width=\"1855\" height=\"2560\" srcset=\"https:\/\/lisdorf.de\/wp-content\/uploads\/2024\/09\/Bild_JL_upscale-scaled.jpeg 1855w, https:\/\/lisdorf.de\/wp-content\/uploads\/2024\/09\/Bild_JL_upscale-scaled-300x414.jpeg 300w, https:\/\/lisdorf.de\/wp-content\/uploads\/2024\/09\/Bild_JL_upscale-580x800.jpeg 580w, https:\/\/lisdorf.de\/wp-content\/uploads\/2024\/09\/Bild_JL_upscale-725x1000.jpeg 725w, https:\/\/lisdorf.de\/wp-content\/uploads\/2024\/09\/Bild_JL_upscale-109x150.jpeg 109w, https:\/\/lisdorf.de\/wp-content\/uploads\/2024\/09\/Bild_JL_upscale-768x1060.jpeg 768w, https:\/\/lisdorf.de\/wp-content\/uploads\/2024\/09\/Bild_JL_upscale-1113x1536.jpeg 1113w, https:\/\/lisdorf.de\/wp-content\/uploads\/2024\/09\/Bild_JL_upscale-1484x2048.jpeg 1484w\" sizes=\"auto, (max-width: 1855px) 100vw, 1855px\" \/><\/p>\n<p>Am 6. September 2024 verstarb im Alter von 84 Jahren nach fast 60-j\u00e4hriger Dienstzeit unser Kamerad, Ehrenl\u00f6schbezirksf\u00fchrer des L\u00f6schbezirks Lisdorf und ehemaliger stellvertretender Wehrf\u00fchrer der Feuerwehr Saarlouis Oberbrandmeister Hans-Joachim Loris.<\/p>\n<p>Hans-Joachim Loris war am 1. Oktober 1964 mit 24 Jahren in die Lisdorfer Feuerwehr eingetreten. Als engagiertes Mitglied hat er das internationale Feuerwehrleistungsabzeichen in Bronze und Silber sowie das saarl\u00e4ndische Feuerwehrleistungsabzeichen in Silber erworben. Seit 1973 als F\u00fchrungskraft t\u00e4tig, f\u00fchrte Joachims Feuerwehrlaufbahn zun\u00e4chst bis zum Rang des Oberl\u00f6schmeisters, in den er 1984 bef\u00f6rdert wurde. Am 6. M\u00e4rz 1986 wurde er zum L\u00f6schbezirksf\u00fchrer des L\u00f6schbezirks Lisdorf gew\u00e4hlt. Es folgten die Bef\u00f6rderungen zum Brandmeister und Oberbrandmeister in den Jahren 1986 und 1988. Auf Stadtebene war Joachim von 1988 bis 1999 als stellvertretender Wehrf\u00fchrer an der Seite von Wolfgang Herrmann.<\/p>\n<p>Mit seinem 60. Geburtstag am 9. Dezember 1999 wurde Joachim, noch immer L\u00f6schbezirksf\u00fchrer und stellvertretender Wehrf\u00fchrer, in die Alters- und Ehrenwehr \u00fcbernommen. F\u00fcr seine au\u00dferordentlichen Verdienste um die Feuerwehr Saarlouis und seinen L\u00f6schbezirk Lisdorf wurde er in diesem Zuge mit dem Deutschen Feuerwehrehrenkreuz in Gold ausgezeichnet und auf Wunsch seiner Kameraden zum Ehrenl\u00f6schbezirksf\u00fchrer ernannt.<\/p>\n<p>Neben Auszeichnungen und Bef\u00f6rderungen zeichnet sich Joachims Dienstzeit und insbesondere die Zeit als L\u00f6schbezirksf\u00fchrer aber noch durch eine ganze Reihe weiterer gro\u00dfer Verdienste aus. So erlebte der L\u00f6schbezirk unter seiner F\u00fchrung in den 90er Jahren einen nie dagewesenen Mitgliederzuwachs, dessen Auswirkungen bis heute zu versp\u00fcren sind. Viele der damals Eingetretenen sind heute in verantwortlichen Positionen und f\u00fchren den L\u00f6schbezirk Lisdorf.<\/p>\n<p>Dies machte sich auch in der weiteren Ausrichtung des L\u00f6schbezirks bemerkbar, als Anfang der 90er binnen eines Jahres ein modernes L\u00f6schgruppenfahrzeug und erstmalig, aufgrund der hohen Mitgliederzahl, ein Mannschaftstransportfahrzeug f\u00fcr Lisdorf beschafft wurde.<\/p>\n<p>Hierzu passt, dass sich Joachim bei Politik und Verwaltung unerm\u00fcdlich f\u00fcr Ausbau und Erweiterung der Feuerwache Lisdorf eingesetzt hat. So wurden die Garagen deutlich erweitert und das Geb\u00e4ude teilweise aufgestockt, um insbesondere mehr Raum f\u00fcr Ausbildung und die immer st\u00e4rker werdende Jugendarbeit zu haben. Auch hiervon profitiert der L\u00f6schbezirk bis heute.<\/p>\n<p>Unvergessen ist sein Engagement f\u00fcr die 175-Jahrfeier des L\u00f6schbezirks im Jahre 1996. Es war Joachims Verdienst, dass diese Feier, monatelang geplant und durch Traumwetter belohnt, zu einem riesigen Erfolg wurde, an den sich viele Kameraden bis heute mit Freude erinnern. Ein Baustein hierf\u00fcr war sicher auch die Verbundenheit mit den Lisdorfer Vereinen, die Joachim stets sehr wichtig war und f\u00fcr die er sich oft auch aktiv einsetzte.<\/p>\n<p>Sehr am Herzen lag ihm immer auch die Freundschaft zu unseren Partnerwehren in Reinstorf (Niedersachsen) und L\u00fcsen (S\u00fcdtirol). W\u00e4hrend er selbst diese Partnerschaften von Anfang an erlebt und mitgestaltet hat, nutzte er seine Zeit als L\u00f6schbezirksf\u00fchrer intensiv dazu, die jeweils n\u00e4chsten Generationen in Kontakt miteinander zu bringen, wodurch die Freundschaften seit \u00fcber 50 Jahren Bestand haben. Daneben war Joachim auch von Anfang an, an der Entwicklung der Freundschaft der Feuerwehr Saarlouis zur Feuerwehr Eisenh\u00fcttenstadt beteiligt.<\/p>\n<p>Joachim zeichnete sich nicht nur durch seine Leistungen innerhalb der Feuerwehr aus, sondern auch durch seinen besonderen F\u00fchrungsstil und seine Sozialkompetenz. Er war f\u00fcr viele eine Art Mentor, dessen Lebensweisheiten und Spr\u00fcche noch heute, besonders wenn es um Menschenf\u00fchrung geht, von seinen Kameraden genutzt werden. Bemerkenswert war seine intuitive Art zu f\u00fchren und Menschen zu motivieren, lange bevor sich Feuerwehr mit solch modernen F\u00fchrungsstilen besch\u00e4ftigt hat.<\/p>\n<p>Man k\u00f6nnte noch viele Verdienste und Leistungen Joachims beschreiben, aber das Wichtigste ist, dass wir einen Kameraden, Freund und einen L\u00f6schbezirksf\u00fchrer vom alten Schlag verloren haben, an den wir uns immer gerne erinnern werden.<\/p>\n<p>Getreu einem von ihm oft genannten und auch gelebten F\u00fchrungsmotto: \u201eIn der Feuerwehr gibt es keine schlechten Leute, nur gute und manchmal den ein oder anderen, der ein bisschen besser ist\u201c, haben wir einen, der ein bisschen besser war, verloren.<\/p>\n<p>Sein Tod erf\u00fcllt uns mit aufrichtiger Trauer. Wir w\u00fcnschen seinen Angeh\u00f6rigen Kraft und Trost.<\/p>\n<p>Die Beisetzung findet am Freitag, dem 20. September, um 14 Uhr auf dem Friedhof in Lisdorf statt.<\/p>\n","protected":false},"excerpt":{"rendered":"<p>Ehrenl\u00f6schbezirksf\u00fchrer des L\u00f6schbezirks Lisdorf verstorben &nbsp; Am 6. September 2024 verstarb im Alter von 84 Jahren nach fast 60-j\u00e4hriger Dienstzeit unser Kamerad, Ehrenl\u00f6schbezirksf\u00fchrer des L\u00f6schbezirks Lisdorf und ehemaliger stellvertretender Wehrf\u00fchrer &hellip; <a href=\"https:\/\/lisdorf.de\/?p=5908\" class=\"more-link\"><span class=\"screen-reader-text\">Nachruf Hans-Joachim Loris<\/span> weiterlesen <span class=\"meta-nav\">&rarr;<\/span><\/a><\/p>\n","protected":false},"author":17,"featured_media":0,"comment_status":"closed","ping_status":"closed","sticky":false,"template":"","format":"standard","meta":{"_jetpack_memberships_contains_paid_content":false,"footnotes":""},"categories":[1],"tags":[],"class_list":["post-5908","post","type-post","status-publish","format-standard","hentry","category-allgemein"],"jetpack_featured_media_url":"","jetpack_sharing_enabled":true,"_links":{"self":[{"href":"https:\/\/lisdorf.de\/index.php?rest_route=\/wp\/v2\/posts\/5908","targetHints":{"allow":["GET"]}}],"collection":[{"href":"https:\/\/lisdorf.de\/index.php?rest_route=\/wp\/v2\/posts"}],"about":[{"href":"https:\/\/lisdorf.de\/index.php?rest_route=\/wp\/v2\/types\/post"}],"author":[{"embeddable":true,"href":"https:\/\/lisdorf.de\/index.php?rest_route=\/wp\/v2\/users\/17"}],"replies":[{"embeddable":true,"href":"https:\/\/lisdorf.de\/index.php?rest_route=%2Fwp%2Fv2%2Fcomments&post=5908"}],"version-history":[{"count":3,"href":"https:\/\/lisdorf.de\/index.php?rest_route=\/wp\/v2\/posts\/5908\/revisions"}],"predecessor-version":[{"id":5912,"href":"https:\/\/lisdorf.de\/index.php?rest_route=\/wp\/v2\/posts\/5908\/revisions\/5912"}],"wp:attachment":[{"href":"https:\/\/lisdorf.de\/index.php?rest_route=%2Fwp%2Fv2%2Fmedia&parent=5908"}],"wp:term":[{"taxonomy":"category","embeddable":true,"href":"https:\/\/lisdorf.de\/index.php?rest_route=%2Fwp%2Fv2%2Fcategories&post=5908"},{"taxonomy":"post_tag","embeddable":true,"href":"https:\/\/lisdorf.de\/index.php?rest_route=%2Fwp%2Fv2%2Ftags&post=5908"}],"curies":[{"name":"wp","href":"https:\/\/api.w.org\/{rel}","templated":true}]}}