{"id":5891,"date":"2024-07-07T20:32:34","date_gmt":"2024-07-07T18:32:34","guid":{"rendered":"http:\/\/lisdorf.de\/?p=5891"},"modified":"2024-07-07T20:32:34","modified_gmt":"2024-07-07T18:32:34","slug":"sv-lisdorf-neuwahlen-des-vorstandes","status":"publish","type":"post","link":"https:\/\/lisdorf.de\/?p=5891","title":{"rendered":"SV Lisdorf: Neuwahlen des Vorstandes!"},"content":{"rendered":"<p>Gestern fand im Clubheim die ordentliche Mitgliederversammlung des SV 1929 Saarlouis-Lisdorf statt.<\/p>\n<p>Die Tagesordnung sah folgende Punkte vor:<\/p>\n<p>TOP 1: Er\u00f6ffnung und Begr\u00fc\u00dfung durch den 1. Vorsitzenden<br \/>\nTOP 2: Totengedenken<br \/>\nTOP 3: Berichte<br \/>\nTOP 4: Wahl des Versammlungsleiters<br \/>\nTOP 5: Entlastung des Vorstandes<br \/>\nTOP 6: Wahl des 1. Vorsitzenden<br \/>\nTOP 7: Wahl des Vorstandes<br \/>\nTOP 8: Wahl der Kassenpr\u00fcfer<br \/>\nTOP 9: Antr\u00e4ge und Verschiedenes<br \/>\nTOP 10: Schlusswort des 1. Vorsitzenden<\/p>\n<p>Josef G\u00f6rgen er\u00f6ffnete die Versammlung und begr\u00fc\u00dfte alle anwesenden Mitglieder.<br \/>\nNachdem die Berichte vorgetragen wurden und der Vorstand entlastet wurde, war eine \u00c4ra Geschichte.<br \/>\nJosef G\u00f6rgen beendete seine T\u00e4tigkeit als 1. Vorsitzender.<br \/>\nZudem schieden Marco Castronovo (Organisationsleiter), Edmund Theobald (Schatzmeister) und Franz Theobald (Jugendwart) aus ihren \u00c4mtern aus.<\/p>\n<p>Wir m\u00f6chten uns bei Allen noch einmal herzlich bedanken f\u00fcr die jahrelange gute Zusammenarbeit.<br \/>\nInsbesondere Josef G\u00f6rgen hat den Verein gepr\u00e4gt und ist immer da, wenn er gebraucht wird. <\/p>\n<p>Dann kam es zu den Neuwahlen, der neue gesch\u00e4ftsf\u00fchrende Vorstand setzt sich folgenderma\u00dfen zusammen:<\/p>\n<p>1. Vorsitzender:<br \/>\nMarco G\u00f6rgen <\/p>\n<p>stellv. Vorsitzender und Spielausschuss:<br \/>\nMaik Ladenthin<\/p>\n<p>Gesch\u00e4ftsf\u00fchrer und Pressewart:<br \/>\nAndreas Lesmeister<\/p>\n<p>Schatzmeister:<br \/>\nHannah Strau\u00df<\/p>\n<p>Organisationsleiter:<br \/>\nJan Strau\u00df<\/p>\n<p>stellv. Organisationsleiter:<br \/>\nHans-J\u00f6rg Mathieu<\/p>\n<p>Beim SV Lisdorf beginnt nun eine neue \u00c4ra, auf eine gute Zusammenarbeit.<\/p>\n","protected":false},"excerpt":{"rendered":"<p>Gestern fand im Clubheim die ordentliche Mitgliederversammlung des SV 1929 Saarlouis-Lisdorf statt. Die Tagesordnung sah folgende Punkte vor: TOP 1: Er\u00f6ffnung und Begr\u00fc\u00dfung durch den 1. Vorsitzenden TOP 2: Totengedenken &hellip; <a href=\"https:\/\/lisdorf.de\/?p=5891\" class=\"more-link\"><span class=\"screen-reader-text\">SV Lisdorf: Neuwahlen des Vorstandes!<\/span> weiterlesen <span class=\"meta-nav\">&rarr;<\/span><\/a><\/p>\n","protected":false},"author":19,"featured_media":0,"comment_status":"closed","ping_status":"closed","sticky":false,"template":"","format":"standard","meta":{"_jetpack_memberships_contains_paid_content":false,"footnotes":""},"categories":[1],"tags":[],"class_list":["post-5891","post","type-post","status-publish","format-standard","hentry","category-allgemein"],"jetpack_featured_media_url":"","jetpack_sharing_enabled":true,"_links":{"self":[{"href":"https:\/\/lisdorf.de\/index.php?rest_route=\/wp\/v2\/posts\/5891","targetHints":{"allow":["GET"]}}],"collection":[{"href":"https:\/\/lisdorf.de\/index.php?rest_route=\/wp\/v2\/posts"}],"about":[{"href":"https:\/\/lisdorf.de\/index.php?rest_route=\/wp\/v2\/types\/post"}],"author":[{"embeddable":true,"href":"https:\/\/lisdorf.de\/index.php?rest_route=\/wp\/v2\/users\/19"}],"replies":[{"embeddable":true,"href":"https:\/\/lisdorf.de\/index.php?rest_route=%2Fwp%2Fv2%2Fcomments&post=5891"}],"version-history":[{"count":1,"href":"https:\/\/lisdorf.de\/index.php?rest_route=\/wp\/v2\/posts\/5891\/revisions"}],"predecessor-version":[{"id":5892,"href":"https:\/\/lisdorf.de\/index.php?rest_route=\/wp\/v2\/posts\/5891\/revisions\/5892"}],"wp:attachment":[{"href":"https:\/\/lisdorf.de\/index.php?rest_route=%2Fwp%2Fv2%2Fmedia&parent=5891"}],"wp:term":[{"taxonomy":"category","embeddable":true,"href":"https:\/\/lisdorf.de\/index.php?rest_route=%2Fwp%2Fv2%2Fcategories&post=5891"},{"taxonomy":"post_tag","embeddable":true,"href":"https:\/\/lisdorf.de\/index.php?rest_route=%2Fwp%2Fv2%2Ftags&post=5891"}],"curies":[{"name":"wp","href":"https:\/\/api.w.org\/{rel}","templated":true}]}}