{"id":5769,"date":"2024-04-01T00:05:41","date_gmt":"2024-03-31T22:05:41","guid":{"rendered":"http:\/\/lisdorf.de\/?p=5769"},"modified":"2024-03-24T19:03:10","modified_gmt":"2024-03-24T18:03:10","slug":"neuliscard-ein-zukunftsprojekt-fuer-lisdorf-picard-und-neuforweiler","status":"publish","type":"post","link":"https:\/\/lisdorf.de\/?p=5769","title":{"rendered":"Neuliscard &#8211; Ein Zukunftsprojekt f\u00fcr Lisdorf, Picard und Neuforweiler"},"content":{"rendered":"<p>Im Rahmen der Dorfentwicklung \u201cLinks der Saar\u201d sind aufregende Neuigkeiten ans Licht gekommen. Die drei Stadtteile Lisdorf, Picard und Neuforweiler werden zu einem verschmolzen, um gr\u00f6\u00dfere Investitionen zu erm\u00f6glichen. Der sowieso fl\u00e4chenm\u00e4\u00dfig gr\u00f6\u00dfte Stadtteil erh\u00e4lt den Namen\u00a0<strong>Neuliscard<\/strong>.<\/p>\n<p><img loading=\"lazy\" decoding=\"async\" class=\"alignnone size-medium wp-image-5635\" src=\"https:\/\/lisdorf.de\/wp-content\/uploads\/2023\/11\/WhatsApp-Bild-2023-11-20-um-21.16.31_223ba529-600x800.jpg\" alt=\"\" width=\"600\" height=\"800\" srcset=\"https:\/\/lisdorf.de\/wp-content\/uploads\/2023\/11\/WhatsApp-Bild-2023-11-20-um-21.16.31_223ba529-600x800.jpg 600w, https:\/\/lisdorf.de\/wp-content\/uploads\/2023\/11\/WhatsApp-Bild-2023-11-20-um-21.16.31_223ba529-300x400.jpg 300w, https:\/\/lisdorf.de\/wp-content\/uploads\/2023\/11\/WhatsApp-Bild-2023-11-20-um-21.16.31_223ba529-750x1000.jpg 750w, https:\/\/lisdorf.de\/wp-content\/uploads\/2023\/11\/WhatsApp-Bild-2023-11-20-um-21.16.31_223ba529-113x150.jpg 113w, https:\/\/lisdorf.de\/wp-content\/uploads\/2023\/11\/WhatsApp-Bild-2023-11-20-um-21.16.31_223ba529-768x1024.jpg 768w, https:\/\/lisdorf.de\/wp-content\/uploads\/2023\/11\/WhatsApp-Bild-2023-11-20-um-21.16.31_223ba529-1152x1536.jpg 1152w, https:\/\/lisdorf.de\/wp-content\/uploads\/2023\/11\/WhatsApp-Bild-2023-11-20-um-21.16.31_223ba529.jpg 1536w\" sizes=\"auto, (max-width: 600px) 100vw, 600px\" \/><\/p>\n<p><strong>Aktive Gestaltung des demografischen Wandels und Fl\u00e4chensparens<\/strong><\/p>\n<p>Die Zusammenlegung der Stadtteile ist nicht nur eine administrative Ma\u00dfnahme, sondern ein strategischer Schritt zur aktiven Gestaltung des demografischen Wandels. Gleichzeitig st\u00e4rkt sie die Innenentwicklung und setzt auf Fl\u00e4chensparen. Ein zentrales Projekt ist das neue\u00a0<strong>Kulturzentrum<\/strong>, das \u00fcber das Dorferneuerungsprogramm finanziert wird. Dieses Zentrum wird genau zwischen den alten Stadtteilen errichtet, an der Stelle, an der sich derzeit das Geb\u00e4ude der Lisdorfer Frischgem\u00fcse befindet.<\/p>\n<p><strong>Neues Kultur- und Sportzentrum<\/strong><\/p>\n<p>Das geplante Kultur- und Sportzentrum wird nicht nur den Bewohnern von Neuliscard zugutekommen, sondern auch den gesamten Stadtteil bereichern. Die Hallen in Neuforweiler und Picard sind dringend renovierungsbed\u00fcrftig und finanziell nicht mehr allein von der Stadt Saarlouis zu stemmen. Das neue Zentrum wird nicht nur kulturelle Veranstaltungen beherbergen, sondern auch als Sportst\u00e4tte dienen. Angegliedert wird auch ein B\u00fcrgermeisteramt f\u00fcr Neuliscard. Dort soll ein B\u00fcrgermeister nah an den B\u00fcrgern sein und so f\u00fcr diesen neuen Stadteil die Interessen vertreten.<\/p>\n<p><strong>Erlebnisgastronomie und historische Baukultur<\/strong><\/p>\n<p>Ein weiteres Highlight ist die an das Kulturzentrum angeschlossene\u00a0<strong>Erlebnisgastronomie<\/strong>, die die traditionellen Gasth\u00e4user (die nur noch in Beaumarais vorhanden sind) ersetzen wird. Damit wird auch kulinarisch f\u00fcr die B\u00fcrger \u201cLinks der Saar\u201d ein attraktives Angebot geschaffen. Gleichzeitig bleibt der Erhalt der historischen Baukultur ein wichtiges F\u00f6rderziel. Die besondere Atmosph\u00e4re der Ortskerne soll bewahrt werden.<\/p>\n<p><strong>Weitere relevante Themen<\/strong><\/p>\n<p>Neben den genannten Aspekten werden in Neuliscard auch weitere Themen aufgegriffen, darunter Mobilit\u00e4t und Erreichbarkeit, technische Infrastruktur, Energie, Klima- und Ressourcenschutz, Arbeitsmarkt, wirtschaftliche Entwicklung, Tourismus, Kultur, Freizeit, Landschaft und Landwirtschaft sowie Kooperationen.<\/p>\n<p><strong>B\u00fcrgerbeteiligung im Fokus<\/strong><\/p>\n<p><img loading=\"lazy\" decoding=\"async\" class=\"alignnone size-medium wp-image-5629\" src=\"https:\/\/lisdorf.de\/wp-content\/uploads\/2023\/11\/WhatsApp-Bild-2023-11-20-um-21.18.21_cf0f2327-1000x750.jpg\" alt=\"\" width=\"1000\" height=\"750\" srcset=\"https:\/\/lisdorf.de\/wp-content\/uploads\/2023\/11\/WhatsApp-Bild-2023-11-20-um-21.18.21_cf0f2327-1000x750.jpg 1000w, https:\/\/lisdorf.de\/wp-content\/uploads\/2023\/11\/WhatsApp-Bild-2023-11-20-um-21.18.21_cf0f2327-300x225.jpg 300w, https:\/\/lisdorf.de\/wp-content\/uploads\/2023\/11\/WhatsApp-Bild-2023-11-20-um-21.18.21_cf0f2327-1200x900.jpg 1200w, https:\/\/lisdorf.de\/wp-content\/uploads\/2023\/11\/WhatsApp-Bild-2023-11-20-um-21.18.21_cf0f2327-150x113.jpg 150w, https:\/\/lisdorf.de\/wp-content\/uploads\/2023\/11\/WhatsApp-Bild-2023-11-20-um-21.18.21_cf0f2327-768x576.jpg 768w, https:\/\/lisdorf.de\/wp-content\/uploads\/2023\/11\/WhatsApp-Bild-2023-11-20-um-21.18.21_cf0f2327-1536x1152.jpg 1536w, https:\/\/lisdorf.de\/wp-content\/uploads\/2023\/11\/WhatsApp-Bild-2023-11-20-um-21.18.21_cf0f2327.jpg 2048w\" sizes=\"auto, (max-width: 1000px) 100vw, 1000px\" \/><\/p>\n<p>Die Mitwirkungsbereitschaft der Lisdorfer, Picarder und Neuforweiler B\u00fcrger ist ein zentraler Bestandteil bei der Dorfentwicklung. Die Stadt Saarlouis l\u00e4dt die B\u00fcrgerinnen und B\u00fcrger ein, die Zukunft des neuen Stadtteils Neuliscard aktiv mitzugestalten und dabei die gesamtst\u00e4dtische Entwicklung im Blick zu behalten.<\/p>\n<p>Das neue Konzept und die bereits weit ausgearbeiteten Pl\u00e4ne versprechen eine aufregende Zukunft f\u00fcr Neuliscard und seine Bewohner.<\/p>\n<p>&nbsp;<\/p>\n","protected":false},"excerpt":{"rendered":"<p>Im Rahmen der Dorfentwicklung \u201cLinks der Saar\u201d sind aufregende Neuigkeiten ans Licht gekommen. Die drei Stadtteile Lisdorf, Picard und Neuforweiler werden zu einem verschmolzen, um gr\u00f6\u00dfere Investitionen zu erm\u00f6glichen. Der &hellip; <a href=\"https:\/\/lisdorf.de\/?p=5769\" class=\"more-link\"><span class=\"screen-reader-text\">Neuliscard &#8211; Ein Zukunftsprojekt f\u00fcr Lisdorf, Picard und Neuforweiler<\/span> weiterlesen <span class=\"meta-nav\">&rarr;<\/span><\/a><\/p>\n","protected":false},"author":1,"featured_media":5771,"comment_status":"closed","ping_status":"closed","sticky":false,"template":"","format":"standard","meta":{"_jetpack_memberships_contains_paid_content":false,"footnotes":""},"categories":[1],"tags":[],"class_list":["post-5769","post","type-post","status-publish","format-standard","has-post-thumbnail","hentry","category-allgemein"],"jetpack_featured_media_url":"https:\/\/lisdorf.de\/wp-content\/uploads\/2024\/04\/Ortsschild.jpg","jetpack_sharing_enabled":true,"_links":{"self":[{"href":"https:\/\/lisdorf.de\/index.php?rest_route=\/wp\/v2\/posts\/5769","targetHints":{"allow":["GET"]}}],"collection":[{"href":"https:\/\/lisdorf.de\/index.php?rest_route=\/wp\/v2\/posts"}],"about":[{"href":"https:\/\/lisdorf.de\/index.php?rest_route=\/wp\/v2\/types\/post"}],"author":[{"embeddable":true,"href":"https:\/\/lisdorf.de\/index.php?rest_route=\/wp\/v2\/users\/1"}],"replies":[{"embeddable":true,"href":"https:\/\/lisdorf.de\/index.php?rest_route=%2Fwp%2Fv2%2Fcomments&post=5769"}],"version-history":[{"count":5,"href":"https:\/\/lisdorf.de\/index.php?rest_route=\/wp\/v2\/posts\/5769\/revisions"}],"predecessor-version":[{"id":5776,"href":"https:\/\/lisdorf.de\/index.php?rest_route=\/wp\/v2\/posts\/5769\/revisions\/5776"}],"wp:featuredmedia":[{"embeddable":true,"href":"https:\/\/lisdorf.de\/index.php?rest_route=\/wp\/v2\/media\/5771"}],"wp:attachment":[{"href":"https:\/\/lisdorf.de\/index.php?rest_route=%2Fwp%2Fv2%2Fmedia&parent=5769"}],"wp:term":[{"taxonomy":"category","embeddable":true,"href":"https:\/\/lisdorf.de\/index.php?rest_route=%2Fwp%2Fv2%2Fcategories&post=5769"},{"taxonomy":"post_tag","embeddable":true,"href":"https:\/\/lisdorf.de\/index.php?rest_route=%2Fwp%2Fv2%2Ftags&post=5769"}],"curies":[{"name":"wp","href":"https:\/\/api.w.org\/{rel}","templated":true}]}}