{"id":5525,"date":"2023-05-30T11:41:51","date_gmt":"2023-05-30T09:41:51","guid":{"rendered":"http:\/\/lisdorf.de\/?p=5525"},"modified":"2023-09-01T23:45:32","modified_gmt":"2023-09-01T21:45:32","slug":"probewochenende-in-der-jugendherberge-homburg","status":"publish","type":"post","link":"https:\/\/lisdorf.de\/?p=5525","title":{"rendered":"Probewochenende in der Jugendherberge Homburg"},"content":{"rendered":"<p><img loading=\"lazy\" decoding=\"async\" class=\"alignnone size-medium wp-image-5526\" src=\"https:\/\/lisdorf.de\/wp-content\/uploads\/2023\/09\/13-1000x667.jpg\" alt=\"\" width=\"1000\" height=\"667\" srcset=\"https:\/\/lisdorf.de\/wp-content\/uploads\/2023\/09\/13-1000x667.jpg 1000w, https:\/\/lisdorf.de\/wp-content\/uploads\/2023\/09\/13-scaled-300x200.jpg 300w, https:\/\/lisdorf.de\/wp-content\/uploads\/2023\/09\/13-1200x800.jpg 1200w, https:\/\/lisdorf.de\/wp-content\/uploads\/2023\/09\/13-150x100.jpg 150w, https:\/\/lisdorf.de\/wp-content\/uploads\/2023\/09\/13-768x512.jpg 768w, https:\/\/lisdorf.de\/wp-content\/uploads\/2023\/09\/13-1536x1024.jpg 1536w, https:\/\/lisdorf.de\/wp-content\/uploads\/2023\/09\/13-2048x1365.jpg 2048w\" sizes=\"auto, (max-width: 1000px) 100vw, 1000px\" \/><\/p>\n<p>26.-29.05.2023<\/p>\n<p>Tradition und doch was Neues!<\/p>\n<p>In jedem Jahr findet \u00fcber das Pfingstwochenende unser Probewochenende f\u00fcr das anstehende Jahreskonzert statt. Normalerweise aber fahren nur das Sch\u00fcler- sowie das Jugendorchester mit und normalerweise fahren sie schon viele viele Jahre in Folge immer in das Schullandheim nach Oberthal.<\/p>\n<p>Aufgrund der leider vorangegangenen Corona-Jahre wurden auch die Planungen des letztj\u00e4hrigen und diesj\u00e4hrigen Probewochenendes erschwert. Letztes Jahr musste in die Landesakademie nach Ottweiler ausgewichen werden, dieses Jahr in die Jugendherberge nach Homburg. Ganz egal wo &#8211; Hauptsache wir stehen zusammen und ziehen an einem Strang! F\u00fcr n\u00e4chstes Jahr ist jedoch bereits das liebgewonnene Schullandheim in Oberthal wieder f\u00fcr uns reserviert \ud83d\ude09<\/p>\n<p>Aber nicht nur der Ort war f\u00fcr die MusikerInnen neu, auch fuhr in diesem Jahr zum ersten Mal das Gro\u00dfe Orchester mit. Das war wirklich eine Premiere!<\/p>\n<p>Alle drei Orchester zusammen &#8211; 4 Tage, 3 N\u00e4chte &#8211; mit zahlreichen Proben in Kleingruppen sowie Orchesterformationen, mit Theorieunterricht, mit Spiel-, Bastel- und Spa\u00df-Angeboten sowie morgendlichem Yoga f\u00fcr freiwillige Fr\u00fchaufsteher&#8230; gekr\u00f6nt nat\u00fcrlich mit einem kleinen Abschlusskonzert vor Ort, um die Vorfreude aufs Konzert bei den Eltern zu steigern, die ihre Kinder am letzten Tag in Homburg abholen kamen.<\/p>\n<p>Alle MusikerInnen haben sich besser kennen gelernt und wie bei uns \u00fcblich: die Kleinen lernen von den Gro\u00dfen und aber nat\u00fcrlich auch umgekehrt \ud83d\ude42<\/p>\n<p>Ein rundum gelungenes Wochenende!<\/p>\n<p>&nbsp;<\/p>\n<p>F\u00fcr weitere Eindr\u00fccke &#8211; schaut in der <a href=\"https:\/\/www.sg-lisdorf-picard.de\/galerie\/\">Bildergalerie<\/a> nach \ud83d\ude09<\/p>\n","protected":false},"excerpt":{"rendered":"<p>26.-29.05.2023 Tradition und doch was Neues! In jedem Jahr findet \u00fcber das Pfingstwochenende unser Probewochenende f\u00fcr das anstehende Jahreskonzert statt. Normalerweise aber fahren nur das Sch\u00fcler- sowie das Jugendorchester mit &hellip; <a href=\"https:\/\/lisdorf.de\/?p=5525\" class=\"more-link\"><span class=\"screen-reader-text\">Probewochenende in der Jugendherberge Homburg<\/span> weiterlesen <span class=\"meta-nav\">&rarr;<\/span><\/a><\/p>\n","protected":false},"author":18,"featured_media":0,"comment_status":"closed","ping_status":"closed","sticky":false,"template":"","format":"standard","meta":{"_jetpack_memberships_contains_paid_content":false,"footnotes":""},"categories":[31],"tags":[39,40,38,42],"class_list":["post-5525","post","type-post","status-publish","format-standard","hentry","category-sg-lyra","tag-lyra","tag-musik","tag-sg","tag-spielgemeinschaft"],"jetpack_featured_media_url":"","jetpack_sharing_enabled":true,"_links":{"self":[{"href":"https:\/\/lisdorf.de\/index.php?rest_route=\/wp\/v2\/posts\/5525","targetHints":{"allow":["GET"]}}],"collection":[{"href":"https:\/\/lisdorf.de\/index.php?rest_route=\/wp\/v2\/posts"}],"about":[{"href":"https:\/\/lisdorf.de\/index.php?rest_route=\/wp\/v2\/types\/post"}],"author":[{"embeddable":true,"href":"https:\/\/lisdorf.de\/index.php?rest_route=\/wp\/v2\/users\/18"}],"replies":[{"embeddable":true,"href":"https:\/\/lisdorf.de\/index.php?rest_route=%2Fwp%2Fv2%2Fcomments&post=5525"}],"version-history":[{"count":1,"href":"https:\/\/lisdorf.de\/index.php?rest_route=\/wp\/v2\/posts\/5525\/revisions"}],"predecessor-version":[{"id":5527,"href":"https:\/\/lisdorf.de\/index.php?rest_route=\/wp\/v2\/posts\/5525\/revisions\/5527"}],"wp:attachment":[{"href":"https:\/\/lisdorf.de\/index.php?rest_route=%2Fwp%2Fv2%2Fmedia&parent=5525"}],"wp:term":[{"taxonomy":"category","embeddable":true,"href":"https:\/\/lisdorf.de\/index.php?rest_route=%2Fwp%2Fv2%2Fcategories&post=5525"},{"taxonomy":"post_tag","embeddable":true,"href":"https:\/\/lisdorf.de\/index.php?rest_route=%2Fwp%2Fv2%2Ftags&post=5525"}],"curies":[{"name":"wp","href":"https:\/\/api.w.org\/{rel}","templated":true}]}}