{"id":5436,"date":"2023-05-29T10:24:28","date_gmt":"2023-05-29T08:24:28","guid":{"rendered":"http:\/\/lisdorf.de\/?p=5436"},"modified":"2023-05-29T21:24:48","modified_gmt":"2023-05-29T19:24:48","slug":"sv-lisdorf-saison-beendet","status":"publish","type":"post","link":"https:\/\/lisdorf.de\/?p=5436","title":{"rendered":"SV Lisdorf: Saison beendet!"},"content":{"rendered":"<p>Usere beiden Lisdorfer Mannschaften haben am letzten Spieltag keine Punkte erzielt und gehen in die Sommerpause.<\/p>\n<p>Unsere zweite Mannschaft verlor ausw\u00e4rts beim SV Gerlfangen-F\u00fcrweiler II mit 7:3.<br \/>\nAnfangs hielt man noch sehr gut mit und zeigte eine tolle Leistung.<br \/>\nAm Ende gingen die K\u00f6rner etwas aus und das Heimteam konnte noch einige Tore erzielen.<br \/>\nSchade, mit einem Sieg w\u00e4ren wir noch auf Platz 10 gezogen, so beenden wir die Kreisliga B Saarlouis mit Rang 12.<br \/>\nEin Dank gilt auch M. Graus, der sein Team gerade die letzten Wochen gut eingestellt hatte, es wurden auch tolle Ergebnisse erzielt, so auch beim letzten Heimspiel in der letzten Woche.<br \/>\nGl\u00fcckw\u00fcnsche gehen an den Meister der B-Klasse, den FV 07 Diefflen e.V. III. <\/p>\n<p>Auch unsere erste Mannschaft musste ohne Punkte die Heimreise antreten.<br \/>\nTrotz F\u00fchrung durch T. Schallmeiner schlug die SG K\u00f6rprich-Bilsdorf II innerhalb von knapp 20 Minuten dreifach zur\u00fcck und ging mit einem 3:1 Polster in die Kabine.<br \/>\nD. Spurk gelang in Minute 69 noch der Anschlusstreffer, f\u00fcr mehr reichte es aber nicht mehr.<br \/>\nSomit gewann K\u00f6rprich-Bilsdorf mit 3:2.<br \/>\nAuch hier gehen die Gl\u00fcckw\u00fcnsche an den v\u00f6llig verdienten Meister, den SC Reisbach e. V. II.<\/p>\n<p>Unsere Mannschaft lie\u00df den Tag und die Saison noch im Rosenthal-Stadion bei leckerem Essen, k\u00fchlen Getr\u00e4nken und lockeren Gespr\u00e4chen ausklingen. <\/p>\n<p>Was Infos bzgl. n\u00e4chster Saison angeht, halten wir euch auf dem Laufenden.<br \/>\nAuch an der Emmes in Saarlouis werden wir vertreten sein, Infos folgen. <\/p>\n<p>Danke auch an alle Freunde, Helfer und Fans, die uns dieses Jahr bzw. diese Saison unterst\u00fctzt haben!<\/p>\n","protected":false},"excerpt":{"rendered":"<p>Usere beiden Lisdorfer Mannschaften haben am letzten Spieltag keine Punkte erzielt und gehen in die Sommerpause. Unsere zweite Mannschaft verlor ausw\u00e4rts beim SV Gerlfangen-F\u00fcrweiler II mit 7:3. Anfangs hielt man &hellip; <a href=\"https:\/\/lisdorf.de\/?p=5436\" class=\"more-link\"><span class=\"screen-reader-text\">SV Lisdorf: Saison beendet!<\/span> weiterlesen <span class=\"meta-nav\">&rarr;<\/span><\/a><\/p>\n","protected":false},"author":19,"featured_media":0,"comment_status":"closed","ping_status":"closed","sticky":false,"template":"","format":"standard","meta":{"_jetpack_memberships_contains_paid_content":false,"footnotes":""},"categories":[1],"tags":[],"class_list":["post-5436","post","type-post","status-publish","format-standard","hentry","category-allgemein"],"jetpack_featured_media_url":"","jetpack_sharing_enabled":true,"_links":{"self":[{"href":"https:\/\/lisdorf.de\/index.php?rest_route=\/wp\/v2\/posts\/5436","targetHints":{"allow":["GET"]}}],"collection":[{"href":"https:\/\/lisdorf.de\/index.php?rest_route=\/wp\/v2\/posts"}],"about":[{"href":"https:\/\/lisdorf.de\/index.php?rest_route=\/wp\/v2\/types\/post"}],"author":[{"embeddable":true,"href":"https:\/\/lisdorf.de\/index.php?rest_route=\/wp\/v2\/users\/19"}],"replies":[{"embeddable":true,"href":"https:\/\/lisdorf.de\/index.php?rest_route=%2Fwp%2Fv2%2Fcomments&post=5436"}],"version-history":[{"count":2,"href":"https:\/\/lisdorf.de\/index.php?rest_route=\/wp\/v2\/posts\/5436\/revisions"}],"predecessor-version":[{"id":5438,"href":"https:\/\/lisdorf.de\/index.php?rest_route=\/wp\/v2\/posts\/5436\/revisions\/5438"}],"wp:attachment":[{"href":"https:\/\/lisdorf.de\/index.php?rest_route=%2Fwp%2Fv2%2Fmedia&parent=5436"}],"wp:term":[{"taxonomy":"category","embeddable":true,"href":"https:\/\/lisdorf.de\/index.php?rest_route=%2Fwp%2Fv2%2Fcategories&post=5436"},{"taxonomy":"post_tag","embeddable":true,"href":"https:\/\/lisdorf.de\/index.php?rest_route=%2Fwp%2Fv2%2Ftags&post=5436"}],"curies":[{"name":"wp","href":"https:\/\/api.w.org\/{rel}","templated":true}]}}