{"id":5174,"date":"2022-12-27T11:42:34","date_gmt":"2022-12-27T10:42:34","guid":{"rendered":"http:\/\/lisdorf.de\/?p=5174"},"modified":"2022-12-27T11:45:11","modified_gmt":"2022-12-27T10:45:11","slug":"berend-freichel-verstorben","status":"publish","type":"post","link":"https:\/\/lisdorf.de\/?p=5174","title":{"rendered":"Bernd Freichel verstorben"},"content":{"rendered":"<p>Pl\u00f6tzlich und unerwartet ist im Alter von 73 Jahren der Lisdorfer Bernd Freichel verstorben.<br \/>\n<img loading=\"lazy\" decoding=\"async\" class=\"alignnone size-medium wp-image-4910\" src=\"https:\/\/lisdorf.de\/wp-content\/uploads\/2022\/05\/Bernd-Freichel-1000x732.jpg\" alt=\"\" width=\"1000\" height=\"732\" \/><a href=\"https:\/\/lisdorf.de\/wp-content\/uploads\/2022\/12\/IMG_20220606_141534-scaled-e1672137702744.jpg\"><img loading=\"lazy\" decoding=\"async\" class=\"alignnone wp-image-5175 size-medium\" src=\"https:\/\/lisdorf.de\/wp-content\/uploads\/2022\/12\/IMG_20220606_141534-1000x450.jpg\" alt=\"\" width=\"1000\" height=\"450\" \/><\/a><\/p>\n<p>Bernd Freichel war nicht nur ein Original der Gemeinde, sondern auch weit \u00fcber die Ortsgrenzen als Maler besonderer Werke bekannt. \u201eSo sch\u00f6n gab\u00b4s Saarlouis noch nie zu sehen\u201c wurde einmal \u00fcber ihn geschrieben bei einer Ausstellung seiner Bilder im Rathaus in Saarlouis.<\/p>\n<p>Alles was er im Leben anpackte war etwas Besonderes. In jungen Jahren gr\u00fcndete er eine Jugendband mit dem Namen \u201eThe Hooks\u201c. Die \u201eWurzelb\u00fctt\u201c in Saarlouis war ein Kultkneipe f\u00fcr junge Leute die Bernd mit einem Freund als Wirt jahrelang bewirtschaftete. Als Dekorateur kam er zur Kunst.<\/p>\n<p>SZ vom 5. Oktober 2017<br \/>\n\u201eIch male nur, wenn ich Lust dazu habe, sonst bleibt die Staffelei liegen\u201c, sagt der 1949 geborene Maler, der seine Werke schon in zahlreichen Einzel- und Gruppenausstellungen pr\u00e4sentiert hat, von sich selbst. Und diese Lust, diese Freude am Gestalten mit Farben und Formen, die sp\u00fcrt man beim Betrachten seiner teils gro\u00dfformatigen Gem\u00e4lde bereits auf den ersten Blick.<br \/>\nSeine k\u00fcnstlerischen Wurzeln sieht Freichel im Expressionismus, bei namhaften Vertretern wie Vincent von Gogh, Karl Schmidt-Rottluff und August Macke. Mittlerweile hat er sich den neuen Realismus in einer Mischung aus Abstraktion und Gegenst\u00e4ndlichkeit zu Eigen gemacht. Im Umgang mit Farbe, Raumaufteilung und Perspektive kommt ihm dabei seine fr\u00fchere Ausbildung als Werbegestalter und Plakatmaler zugute. Sp\u00e4ter arbeitete Bernd Freichel hauptberuflich als Dekorateur und Schreiner.<\/p>\n<p>Ein weiteres Hobby von Bernd war das Angeln, als Aktiver im Angelsportverein Lisdorf und beim Urlaub am Walchensee.<\/p>\n<p>&nbsp;<\/p>\n","protected":false},"excerpt":{"rendered":"<p>Pl\u00f6tzlich und unerwartet ist im Alter von 73 Jahren der Lisdorfer Bernd Freichel verstorben. Bernd Freichel war nicht nur ein Original der Gemeinde, sondern auch weit \u00fcber die Ortsgrenzen als &hellip; <a href=\"https:\/\/lisdorf.de\/?p=5174\" class=\"more-link\"><span class=\"screen-reader-text\">Bernd Freichel verstorben<\/span> weiterlesen <span class=\"meta-nav\">&rarr;<\/span><\/a><\/p>\n","protected":false},"author":1,"featured_media":0,"comment_status":"closed","ping_status":"closed","sticky":false,"template":"","format":"standard","meta":{"_jetpack_memberships_contains_paid_content":false,"footnotes":""},"categories":[1],"tags":[],"class_list":["post-5174","post","type-post","status-publish","format-standard","hentry","category-allgemein"],"jetpack_featured_media_url":"","jetpack_sharing_enabled":true,"_links":{"self":[{"href":"https:\/\/lisdorf.de\/index.php?rest_route=\/wp\/v2\/posts\/5174","targetHints":{"allow":["GET"]}}],"collection":[{"href":"https:\/\/lisdorf.de\/index.php?rest_route=\/wp\/v2\/posts"}],"about":[{"href":"https:\/\/lisdorf.de\/index.php?rest_route=\/wp\/v2\/types\/post"}],"author":[{"embeddable":true,"href":"https:\/\/lisdorf.de\/index.php?rest_route=\/wp\/v2\/users\/1"}],"replies":[{"embeddable":true,"href":"https:\/\/lisdorf.de\/index.php?rest_route=%2Fwp%2Fv2%2Fcomments&post=5174"}],"version-history":[{"count":2,"href":"https:\/\/lisdorf.de\/index.php?rest_route=\/wp\/v2\/posts\/5174\/revisions"}],"predecessor-version":[{"id":5177,"href":"https:\/\/lisdorf.de\/index.php?rest_route=\/wp\/v2\/posts\/5174\/revisions\/5177"}],"wp:attachment":[{"href":"https:\/\/lisdorf.de\/index.php?rest_route=%2Fwp%2Fv2%2Fmedia&parent=5174"}],"wp:term":[{"taxonomy":"category","embeddable":true,"href":"https:\/\/lisdorf.de\/index.php?rest_route=%2Fwp%2Fv2%2Fcategories&post=5174"},{"taxonomy":"post_tag","embeddable":true,"href":"https:\/\/lisdorf.de\/index.php?rest_route=%2Fwp%2Fv2%2Ftags&post=5174"}],"curies":[{"name":"wp","href":"https:\/\/api.w.org\/{rel}","templated":true}]}}