{"id":5123,"date":"2022-11-13T11:20:45","date_gmt":"2022-11-13T10:20:45","guid":{"rendered":"http:\/\/lisdorf.de\/?p=5123"},"modified":"2022-11-13T16:08:59","modified_gmt":"2022-11-13T15:08:59","slug":"200-jahre-freiwillige-feuerwehr-lisdorf","status":"publish","type":"post","link":"https:\/\/lisdorf.de\/?p=5123","title":{"rendered":"200 Jahre Freiwillige Feuerwehr Lisdorf"},"content":{"rendered":"<p>Das Amtsblatt der Regierung zu Trier, Nr. 51 vom Sonnabend, dem 3. November 1821 meldet unter der Nummer 276 eine Feuersbrunst zu H\u00f6lzweiler (heutiges H\u00fclzweiler, Gemeinde Schwalbach) die &#8222;&#8230; verm\u00f6ge der kr\u00e4ftigen H\u00fclfe, welche die schleunig herbeigekommene Spritze von Lisdorf und die zu Saarlouis stationierte Pionier-Compagnie unter Anf\u00fchrung ihrer Offiziere geleistet haben, von weniger trauriger Folgen gewesen&#8230;&#8220; ist. Dieser amtlich beglaubigte Einsatz der &#8222;Lisdorfer Spritze&#8220; beim Brand in H\u00f6lzweiler (am 5. Oktober 1821) darf als Beleg daf\u00fcr angesehen werden, dass bereits im Jahr 1821, evtl. sogar fr\u00fcher, eine &#8211; wie auch immer organisierte &#8211; freiwillige Wehr in Lisdorf bestanden hat, in deren H\u00e4nden die richtige Handhabung, der Transport und die Pflege der Spritze lag.<\/p>\n<figure id=\"attachment_5112\" aria-describedby=\"caption-attachment-5112\" style=\"width: 1000px\" class=\"wp-caption alignnone\"><a href=\"https:\/\/lisdorf.de\/wp-content\/uploads\/2022\/11\/IMG_20221112_184133-scaled-e1668333190209.jpg\"><img loading=\"lazy\" decoding=\"async\" class=\"wp-image-5112 size-medium\" src=\"https:\/\/lisdorf.de\/wp-content\/uploads\/2022\/11\/IMG_20221112_184133-1000x450.jpg\" alt=\"\" width=\"1000\" height=\"450\" \/><\/a><figcaption id=\"caption-attachment-5112\" class=\"wp-caption-text\">Christopher Freichel bei seiner Begr\u00fc\u00dfungsrede<\/figcaption><\/figure>\n<p>Das ist \u00fcber 200 Jahre her und ist jetzt in einer Jubil\u00e4umsfeier, wegen der Pandemie mit einem Jahr Versp\u00e4tung, gew\u00fcrdigt worden. Wie wichtig heute eine gut funktionierende Wehr auch im sozialen Gef\u00fcge eines Ortes ist, stellte der L\u00f6schbezirksf\u00fchrer Christopher Freichel in seiner Begr\u00fc\u00dfungsrede dar. Peter Demmer der Oberb\u00fcrgermeister der Stadt Saarlouis lobte die Einsatzbereitschaft der Lisdorfer Wehr, die gewachsene Struktur und Verflechtung der Lisdorfer Vereine untereinander.<\/p>\n<figure id=\"attachment_5113\" aria-describedby=\"caption-attachment-5113\" style=\"width: 1000px\" class=\"wp-caption alignnone\"><a href=\"https:\/\/lisdorf.de\/wp-content\/uploads\/2022\/11\/IMG_20221112_190922-scaled-e1668333223850.jpg\"><img loading=\"lazy\" decoding=\"async\" class=\"wp-image-5113 size-medium\" src=\"https:\/\/lisdorf.de\/wp-content\/uploads\/2022\/11\/IMG_20221112_190922-1000x450.jpg\" alt=\"\" width=\"1000\" height=\"450\" \/><\/a><figcaption id=\"caption-attachment-5113\" class=\"wp-caption-text\">Gastgeschenk aus Reinstorf Wappen zur Partnerschaft mit Lisdorf<\/figcaption><\/figure>\n<figure id=\"attachment_5114\" aria-describedby=\"caption-attachment-5114\" style=\"width: 1000px\" class=\"wp-caption alignnone\"><a href=\"https:\/\/lisdorf.de\/wp-content\/uploads\/2022\/11\/IMG_20221112_191408-scaled-e1668333244394.jpg\"><img loading=\"lazy\" decoding=\"async\" class=\"wp-image-5114 size-medium\" src=\"https:\/\/lisdorf.de\/wp-content\/uploads\/2022\/11\/IMG_20221112_191408-1000x450.jpg\" alt=\"\" width=\"1000\" height=\"450\" \/><\/a><figcaption id=\"caption-attachment-5114\" class=\"wp-caption-text\">Urkunden zur Partnerschaft Reinstorf<\/figcaption><\/figure>\n<figure id=\"attachment_5115\" aria-describedby=\"caption-attachment-5115\" style=\"width: 1000px\" class=\"wp-caption alignnone\"><a href=\"https:\/\/lisdorf.de\/wp-content\/uploads\/2022\/11\/IMG_20221112_192018-scaled-e1668333263318.jpg\"><img loading=\"lazy\" decoding=\"async\" class=\"wp-image-5115 size-medium\" src=\"https:\/\/lisdorf.de\/wp-content\/uploads\/2022\/11\/IMG_20221112_192018-1000x450.jpg\" alt=\"\" width=\"1000\" height=\"450\" \/><\/a><figcaption id=\"caption-attachment-5115\" class=\"wp-caption-text\">G\u00e4stfeuerwehr aus L\u00fcsen Tirol<\/figcaption><\/figure>\n<p>Ebenso wurden 45 Jahre Partnerschaft von Reinstorf (Niedersachsen) und 50 Jahre Partnerschaft von L\u00fcsen (Tirol) gefeiert und eine Abordnung beider Wehren in der Hans Welsch-Halle begr\u00fc\u00dft. Georg Jungmann \u00fcberbrachte im Namen der Vereine in Lisdorf die Gl\u00fcckw\u00fcnsche zum Jubil\u00e4um mit den entsprechenden Couverts.<br \/>\nDie Partnerschaften wurden mit Urkunden und Gastgeschenken nochmals besiegelt.<\/p>\n<figure id=\"attachment_5118\" aria-describedby=\"caption-attachment-5118\" style=\"width: 1000px\" class=\"wp-caption alignnone\"><a href=\"https:\/\/lisdorf.de\/wp-content\/uploads\/2022\/11\/IMG_20221112_192824-scaled-e1668333354597.jpg\"><img loading=\"lazy\" decoding=\"async\" class=\"wp-image-5118 size-medium\" src=\"https:\/\/lisdorf.de\/wp-content\/uploads\/2022\/11\/IMG_20221112_192824-1000x450.jpg\" alt=\"\" width=\"1000\" height=\"450\" \/><\/a><figcaption id=\"caption-attachment-5118\" class=\"wp-caption-text\">Albert Bernard bedankte sich humorvoll f\u00fcr die Ehrung<\/figcaption><\/figure>\n<figure id=\"attachment_5119\" aria-describedby=\"caption-attachment-5119\" style=\"width: 1000px\" class=\"wp-caption alignnone\"><a href=\"https:\/\/lisdorf.de\/wp-content\/uploads\/2022\/11\/IMG_20221112_192851-scaled-e1668333366809.jpg\"><img loading=\"lazy\" decoding=\"async\" class=\"wp-image-5119 size-medium\" src=\"https:\/\/lisdorf.de\/wp-content\/uploads\/2022\/11\/IMG_20221112_192851-1000x450.jpg\" alt=\"\" width=\"1000\" height=\"450\" \/><\/a><figcaption id=\"caption-attachment-5119\" class=\"wp-caption-text\">v.l. Christian M\u00fcller, Michael Wiltz, Knut Kempeni, Albert Bernard, Peter Demmer, Chritopher Freichel<\/figcaption><\/figure>\n<p>Eine besondere Ehrung erhielten Joachim Loris und Albert Bernard die als L\u00f6schbezirksf\u00fchrer in den Jahren vorher am Aufbau einer modernen Feuerwehr in Lisdorf ma\u00dfgeblich mit dazu beigetragen haben.<\/p>\n<figure id=\"attachment_5120\" aria-describedby=\"caption-attachment-5120\" style=\"width: 1000px\" class=\"wp-caption alignnone\"><a href=\"https:\/\/lisdorf.de\/wp-content\/uploads\/2022\/11\/IMG_20221112_193148-scaled-e1668333380184.jpg\"><img loading=\"lazy\" decoding=\"async\" class=\"wp-image-5120 size-medium\" src=\"https:\/\/lisdorf.de\/wp-content\/uploads\/2022\/11\/IMG_20221112_193148-1000x450.jpg\" alt=\"\" width=\"1000\" height=\"450\" \/><\/a><figcaption id=\"caption-attachment-5120\" class=\"wp-caption-text\">Stolz ist man mit Manuel Hawner einen Doktor der Chemie in den eigenen Reihen zu haben.<\/figcaption><\/figure>\n<figure id=\"attachment_5121\" aria-describedby=\"caption-attachment-5121\" style=\"width: 1000px\" class=\"wp-caption alignnone\"><a href=\"https:\/\/lisdorf.de\/wp-content\/uploads\/2022\/11\/IMG_20221112_193508-scaled-e1668333391638.jpg\"><img loading=\"lazy\" decoding=\"async\" class=\"wp-image-5121 size-medium\" src=\"https:\/\/lisdorf.de\/wp-content\/uploads\/2022\/11\/IMG_20221112_193508-1000x450.jpg\" alt=\"\" width=\"1000\" height=\"450\" \/><\/a><figcaption id=\"caption-attachment-5121\" class=\"wp-caption-text\">\u00dcbergabe der Urkunden in Bronze<\/figcaption><\/figure>\n<p>Besonders Stolz ist man auch auf die Zusatzausbildung f\u00fcr das Saarl\u00e4ndische Leistungsabzeichen in Bronze, hier wurden gleich mehreren junge Feuerwehrkameraden die Urkunden und Abzeichen in Bronze \u00fcberreicht.<br \/>\nNach dem offiziellen Teil des Abends waren die zahlreichen G\u00e4ste in der festlich geschm\u00fcckten Halle zu einem Essen und anschlie\u00dfenden Tanz mit der Band \u201eCorona\u201c eingeladen. Eine rundum gelungene Veranstaltung und gesellschaftliches Ereignis f\u00fcr Lisdorf in diesem Jahr.<\/p>\n<figure id=\"attachment_5122\" aria-describedby=\"caption-attachment-5122\" style=\"width: 1000px\" class=\"wp-caption alignnone\"><a href=\"https:\/\/lisdorf.de\/wp-content\/uploads\/2022\/11\/IMG_20221112_215624-scaled-e1668333403142.jpg\"><img loading=\"lazy\" decoding=\"async\" class=\"wp-image-5122 size-medium\" src=\"https:\/\/lisdorf.de\/wp-content\/uploads\/2022\/11\/IMG_20221112_215624-1000x450.jpg\" alt=\"\" width=\"1000\" height=\"450\" \/><\/a><figcaption id=\"caption-attachment-5122\" class=\"wp-caption-text\">Ein Teil der Lisdorfer Vereinsvertreter beim Jubil\u00e4um. v.l. Christian M\u00fcller, Raphael Sch\u00e4fer, Josef G\u00f6rgen, Georg Jungmann, Bernd Hawner, Christopher Freichel, Ralf Rectenwald, Herbert Germann, Georg Harig, Edmund Theobald, Klaus Hild, Klaus Helfen, Michael Wiltz<\/figcaption><\/figure>\n<p>&nbsp;<\/p>\n","protected":false},"excerpt":{"rendered":"<p>Das Amtsblatt der Regierung zu Trier, Nr. 51 vom Sonnabend, dem 3. November 1821 meldet unter der Nummer 276 eine Feuersbrunst zu H\u00f6lzweiler (heutiges H\u00fclzweiler, Gemeinde Schwalbach) die &#8222;&#8230; verm\u00f6ge &hellip; <a href=\"https:\/\/lisdorf.de\/?p=5123\" class=\"more-link\"><span class=\"screen-reader-text\">200 Jahre Freiwillige Feuerwehr Lisdorf<\/span> weiterlesen <span class=\"meta-nav\">&rarr;<\/span><\/a><\/p>\n","protected":false},"author":1,"featured_media":0,"comment_status":"closed","ping_status":"closed","sticky":false,"template":"","format":"standard","meta":{"_jetpack_memberships_contains_paid_content":false,"footnotes":""},"categories":[1],"tags":[],"class_list":["post-5123","post","type-post","status-publish","format-standard","hentry","category-allgemein"],"jetpack_featured_media_url":"","jetpack_sharing_enabled":true,"_links":{"self":[{"href":"https:\/\/lisdorf.de\/index.php?rest_route=\/wp\/v2\/posts\/5123","targetHints":{"allow":["GET"]}}],"collection":[{"href":"https:\/\/lisdorf.de\/index.php?rest_route=\/wp\/v2\/posts"}],"about":[{"href":"https:\/\/lisdorf.de\/index.php?rest_route=\/wp\/v2\/types\/post"}],"author":[{"embeddable":true,"href":"https:\/\/lisdorf.de\/index.php?rest_route=\/wp\/v2\/users\/1"}],"replies":[{"embeddable":true,"href":"https:\/\/lisdorf.de\/index.php?rest_route=%2Fwp%2Fv2%2Fcomments&post=5123"}],"version-history":[{"count":13,"href":"https:\/\/lisdorf.de\/index.php?rest_route=\/wp\/v2\/posts\/5123\/revisions"}],"predecessor-version":[{"id":5136,"href":"https:\/\/lisdorf.de\/index.php?rest_route=\/wp\/v2\/posts\/5123\/revisions\/5136"}],"wp:attachment":[{"href":"https:\/\/lisdorf.de\/index.php?rest_route=%2Fwp%2Fv2%2Fmedia&parent=5123"}],"wp:term":[{"taxonomy":"category","embeddable":true,"href":"https:\/\/lisdorf.de\/index.php?rest_route=%2Fwp%2Fv2%2Fcategories&post=5123"},{"taxonomy":"post_tag","embeddable":true,"href":"https:\/\/lisdorf.de\/index.php?rest_route=%2Fwp%2Fv2%2Ftags&post=5123"}],"curies":[{"name":"wp","href":"https:\/\/api.w.org\/{rel}","templated":true}]}}