{"id":5050,"date":"2022-10-17T17:11:22","date_gmt":"2022-10-17T15:11:22","guid":{"rendered":"http:\/\/lisdorf.de\/?p=5050"},"modified":"2022-10-17T17:11:22","modified_gmt":"2022-10-17T15:11:22","slug":"heiner-gross-verstorben","status":"publish","type":"post","link":"https:\/\/lisdorf.de\/?p=5050","title":{"rendered":"Heiner Gro\u00df verstorben"},"content":{"rendered":"<p>Heiner Gro\u00df ist am vergangenen Wochenende friedlich im Kreis seiner Familie eingschlafen.<\/p>\n<p><img loading=\"lazy\" decoding=\"async\" class=\"alignnone size-medium wp-image-5051\" src=\"https:\/\/lisdorf.de\/wp-content\/uploads\/2022\/10\/Bundesverdienstkreuz-Heiner-2-722x800.jpg\" alt=\"\" width=\"722\" height=\"800\" srcset=\"https:\/\/lisdorf.de\/wp-content\/uploads\/2022\/10\/Bundesverdienstkreuz-Heiner-2-722x800.jpg 722w, https:\/\/lisdorf.de\/wp-content\/uploads\/2022\/10\/Bundesverdienstkreuz-Heiner-2-300x332.jpg 300w, https:\/\/lisdorf.de\/wp-content\/uploads\/2022\/10\/Bundesverdienstkreuz-Heiner-2-902x1000.jpg 902w, https:\/\/lisdorf.de\/wp-content\/uploads\/2022\/10\/Bundesverdienstkreuz-Heiner-2-135x150.jpg 135w, https:\/\/lisdorf.de\/wp-content\/uploads\/2022\/10\/Bundesverdienstkreuz-Heiner-2-768x851.jpg 768w, https:\/\/lisdorf.de\/wp-content\/uploads\/2022\/10\/Bundesverdienstkreuz-Heiner-2.jpg 924w\" sizes=\"auto, (max-width: 722px) 100vw, 722px\" \/><\/p>\n<p>Neben seinen vielf\u00e4ltigen beruflichen und politischen Aktivit\u00e4ten hat sich Heiner Gro\u00df besonders gro\u00dfe Verdienste im gesellschaftlichen Leben erworben. So war er Sch\u00f6ffe am Landgericht Saarbr\u00fccken, Mitglied im Kreisgutachterausschuss zur Ermittlung von Grundst\u00fcckswerten, langj\u00e4hriges Mitglied im Pfarrgemeinderat und im Verwaltungsrat der Kirchengemeinde St. Crispinus und Crispinianus Lisdorf. Daneben geh\u00f6rte Heiner Gro\u00df 20 \u00f6rtlichen und \u00fcber\u00f6rtliche Vereinen teilweise als Vorstandsmitglied an. <a href=\"http:\/\/heimatkunde.lisdorf.de\/\">mehr auf heimatkunde lisdorf.de<\/a><\/p>\n","protected":false},"excerpt":{"rendered":"<p>Heiner Gro\u00df ist am vergangenen Wochenende friedlich im Kreis seiner Familie eingschlafen. Neben seinen vielf\u00e4ltigen beruflichen und politischen Aktivit\u00e4ten hat sich Heiner Gro\u00df besonders gro\u00dfe Verdienste im gesellschaftlichen Leben erworben. &hellip; <a href=\"https:\/\/lisdorf.de\/?p=5050\" class=\"more-link\"><span class=\"screen-reader-text\">Heiner Gro\u00df verstorben<\/span> weiterlesen <span class=\"meta-nav\">&rarr;<\/span><\/a><\/p>\n","protected":false},"author":1,"featured_media":0,"comment_status":"closed","ping_status":"open","sticky":false,"template":"","format":"standard","meta":{"_jetpack_memberships_contains_paid_content":false,"footnotes":""},"categories":[1],"tags":[],"class_list":["post-5050","post","type-post","status-publish","format-standard","hentry","category-allgemein"],"jetpack_featured_media_url":"","jetpack_sharing_enabled":true,"_links":{"self":[{"href":"https:\/\/lisdorf.de\/index.php?rest_route=\/wp\/v2\/posts\/5050","targetHints":{"allow":["GET"]}}],"collection":[{"href":"https:\/\/lisdorf.de\/index.php?rest_route=\/wp\/v2\/posts"}],"about":[{"href":"https:\/\/lisdorf.de\/index.php?rest_route=\/wp\/v2\/types\/post"}],"author":[{"embeddable":true,"href":"https:\/\/lisdorf.de\/index.php?rest_route=\/wp\/v2\/users\/1"}],"replies":[{"embeddable":true,"href":"https:\/\/lisdorf.de\/index.php?rest_route=%2Fwp%2Fv2%2Fcomments&post=5050"}],"version-history":[{"count":1,"href":"https:\/\/lisdorf.de\/index.php?rest_route=\/wp\/v2\/posts\/5050\/revisions"}],"predecessor-version":[{"id":5052,"href":"https:\/\/lisdorf.de\/index.php?rest_route=\/wp\/v2\/posts\/5050\/revisions\/5052"}],"wp:attachment":[{"href":"https:\/\/lisdorf.de\/index.php?rest_route=%2Fwp%2Fv2%2Fmedia&parent=5050"}],"wp:term":[{"taxonomy":"category","embeddable":true,"href":"https:\/\/lisdorf.de\/index.php?rest_route=%2Fwp%2Fv2%2Fcategories&post=5050"},{"taxonomy":"post_tag","embeddable":true,"href":"https:\/\/lisdorf.de\/index.php?rest_route=%2Fwp%2Fv2%2Ftags&post=5050"}],"curies":[{"name":"wp","href":"https:\/\/api.w.org\/{rel}","templated":true}]}}