{"id":4942,"date":"2022-06-12T19:58:54","date_gmt":"2022-06-12T17:58:54","guid":{"rendered":"http:\/\/lisdorf.de\/?p=4942"},"modified":"2022-06-12T19:58:54","modified_gmt":"2022-06-12T17:58:54","slug":"sv-lisdorf-ein-gutes-fazit","status":"publish","type":"post","link":"https:\/\/lisdorf.de\/?p=4942","title":{"rendered":"SV Lisdorf: Ein gutes Fazit"},"content":{"rendered":"<p>Mit einem sehr souver\u00e4nen 7. Platz und einer richtig gelungenen R\u00fcckrunde endet die Saison 21\/22 des SVL in der Kreisliga A Saar.<br \/>\nGerade in der R\u00fcckrunde, die man sehr stark spielte, erkennt man deutlich, dass die gute Arbeit unseres Trainerduos Burger und G\u00f6rgen Fr\u00fcchte tr\u00e4gt. Das habt ihr richtig gut gemacht!<br \/>\nWir wollten mal wissen, welches Fazit die zwei eigentlich ziehen?<\/p>\n<p>Burger: &#8222;Besonders mit der R\u00fcckrunde war ich absolut zufrieden. Da sieht man, was man als Mannschaft machen und erreichen kann, dass man sch\u00f6n zusammen h\u00e4lt und einige Punkte holt. So habe ich mir das vorgestellt.&#8220;<\/p>\n<p>Dem kann Marco G\u00f6rgen nur beipflichten, denn auch er ist sehr zufrieden:<br \/>\n&#8222;Das Fazit ist durch die Bank weg positiv.<br \/>\nIn der zweiten Saisonh\u00e4lfte haben wir die Trainingsinhalte ideal umgesetzt, die Jungs haben alle \u00dcbungen sauber mitgezogen, haben Gas gegeben. Spieler und Spiele haben eine positive Entwicklung mitgemacht. Das spiegelt sich auch in den Resultaten der R\u00fcckrunde wider. Schaut mal auf die Ergebnisse- wir sind eine der st\u00e4rksten Mannschaften der R\u00fcckrunde. Gerade den Favoriten haben wir das Leben oft weitestgehend schwer gemacht. Mir fallen die Spiele gegen Saarwellingen und Dillingen ein, die DJK haben wir ja souver\u00e4n besiegt. Saarlouis haben wir im Derby auch einen guten Kampf geliefert, das Ergebnis ist meiner Meinung nach etwas zu hoch ausgefallen. In Gisingen war es ein sch\u00f6nes Saisonfinale, dort haben wir alles rausgeholt was rauszuholen war. Das Gute ist: die Mannschaft ist noch jung und wir k\u00f6nnen uns immer noch weiter entwickeln, wenn die Jungs die Inhalte von Matthias und mir annehmen. Da schaue ich schon positiv in die Zukunft! &#8220;<\/p>\n<p>Und da k\u00f6nnen wir echt froh mit euch beiden sein- Matthias und Marco, ein ideales Duo f\u00fcr die Zukunft.<br \/>\nWir freuen uns jetzt schon auf die n\u00e4chste Saison!<\/p>\n","protected":false},"excerpt":{"rendered":"<p>Mit einem sehr souver\u00e4nen 7. Platz und einer richtig gelungenen R\u00fcckrunde endet die Saison 21\/22 des SVL in der Kreisliga A Saar. Gerade in der R\u00fcckrunde, die man sehr stark &hellip; <a href=\"https:\/\/lisdorf.de\/?p=4942\" class=\"more-link\"><span class=\"screen-reader-text\">SV Lisdorf: Ein gutes Fazit<\/span> weiterlesen <span class=\"meta-nav\">&rarr;<\/span><\/a><\/p>\n","protected":false},"author":19,"featured_media":0,"comment_status":"closed","ping_status":"open","sticky":false,"template":"","format":"standard","meta":{"_jetpack_memberships_contains_paid_content":false,"footnotes":""},"categories":[1],"tags":[],"class_list":["post-4942","post","type-post","status-publish","format-standard","hentry","category-allgemein"],"jetpack_featured_media_url":"","jetpack_sharing_enabled":true,"_links":{"self":[{"href":"https:\/\/lisdorf.de\/index.php?rest_route=\/wp\/v2\/posts\/4942","targetHints":{"allow":["GET"]}}],"collection":[{"href":"https:\/\/lisdorf.de\/index.php?rest_route=\/wp\/v2\/posts"}],"about":[{"href":"https:\/\/lisdorf.de\/index.php?rest_route=\/wp\/v2\/types\/post"}],"author":[{"embeddable":true,"href":"https:\/\/lisdorf.de\/index.php?rest_route=\/wp\/v2\/users\/19"}],"replies":[{"embeddable":true,"href":"https:\/\/lisdorf.de\/index.php?rest_route=%2Fwp%2Fv2%2Fcomments&post=4942"}],"version-history":[{"count":1,"href":"https:\/\/lisdorf.de\/index.php?rest_route=\/wp\/v2\/posts\/4942\/revisions"}],"predecessor-version":[{"id":4943,"href":"https:\/\/lisdorf.de\/index.php?rest_route=\/wp\/v2\/posts\/4942\/revisions\/4943"}],"wp:attachment":[{"href":"https:\/\/lisdorf.de\/index.php?rest_route=%2Fwp%2Fv2%2Fmedia&parent=4942"}],"wp:term":[{"taxonomy":"category","embeddable":true,"href":"https:\/\/lisdorf.de\/index.php?rest_route=%2Fwp%2Fv2%2Fcategories&post=4942"},{"taxonomy":"post_tag","embeddable":true,"href":"https:\/\/lisdorf.de\/index.php?rest_route=%2Fwp%2Fv2%2Ftags&post=4942"}],"curies":[{"name":"wp","href":"https:\/\/api.w.org\/{rel}","templated":true}]}}