{"id":4907,"date":"2022-05-03T21:28:34","date_gmt":"2022-05-03T19:28:34","guid":{"rendered":"http:\/\/lisdorf.de\/?p=4907"},"modified":"2022-05-19T19:16:23","modified_gmt":"2022-05-19T17:16:23","slug":"petit-montmartre-kunst-am-brunnen","status":"publish","type":"post","link":"https:\/\/lisdorf.de\/?p=4907","title":{"rendered":"PETIT MONTMARTRE \u2013 KUNST AM BRUNNEN"},"content":{"rendered":"<p><img loading=\"lazy\" decoding=\"async\" class=\"alignnone size-medium wp-image-4922\" src=\"https:\/\/lisdorf.de\/wp-content\/uploads\/2022\/05\/IMG-20220519-WA0002-571x800.jpg\" alt=\"\" width=\"571\" height=\"800\" srcset=\"https:\/\/lisdorf.de\/wp-content\/uploads\/2022\/05\/IMG-20220519-WA0002-571x800.jpg 571w, https:\/\/lisdorf.de\/wp-content\/uploads\/2022\/05\/IMG-20220519-WA0002-300x420.jpg 300w, https:\/\/lisdorf.de\/wp-content\/uploads\/2022\/05\/IMG-20220519-WA0002-714x1000.jpg 714w, https:\/\/lisdorf.de\/wp-content\/uploads\/2022\/05\/IMG-20220519-WA0002-107x150.jpg 107w, https:\/\/lisdorf.de\/wp-content\/uploads\/2022\/05\/IMG-20220519-WA0002-768x1075.jpg 768w, https:\/\/lisdorf.de\/wp-content\/uploads\/2022\/05\/IMG-20220519-WA0002.jpg 787w\" sizes=\"auto, (max-width: 571px) 100vw, 571px\" \/>An Pfingstmontag, den 06. Juni 2022, bringt der Heimatverein franz\u00f6sisches Flair nach Lisdorf.<br \/>\nK\u00fcnstler und K\u00fcnstlerinnen pr\u00e4sentieren am Brunnenplatz in der Gro\u00dfstra\u00dfe ihr K\u00f6nnen. Man kann ihnen beim Malen und Arbeiten zusehen und dabei ihre Kunst bewundern. Einige Werke werden auch zum Verkauf angeboten.<br \/>\nUm 11 Uhr beginnt die Veranstaltung mit einer kleinen Matinee des Musikduos \u201eLes Sarrois\u201c, das unter anderem franz\u00f6sische Chansons darbietet und f\u00fcr entsprechende Stimmung sorgt.<br \/>\nBei Pastis, Wein und Flammkuchen k\u00f6nnen die Besucher den Kl\u00e4ngen lauschen und dabei die Kunst genie\u00dfen.<\/p>\n<p>Bei hoffentlich sch\u00f6nem Wetter verbreitet nachmittags Gregor auf seinem Akkordeon franz\u00f6sisches Flair, f\u00fcr das leibliche Wohl sorgen LiGeKa. Das k\u00fcnstlerische Spektrum ist breit gef\u00e4chert, die K\u00fcnstler freuen sich auf ihren Besuch.<\/p>\n<p><a href=\"https:\/\/lisdorf.de\/wp-content\/uploads\/2022\/05\/Johannes-und-sein-Freund-2-scaled-e1651604706517.jpg\"><img loading=\"lazy\" decoding=\"async\" class=\"alignnone wp-image-4908 size-large\" src=\"https:\/\/lisdorf.de\/wp-content\/uploads\/2022\/05\/Johannes-und-sein-Freund-2-1200x800.jpg\" alt=\"\" width=\"474\" height=\"316\" \/><\/a>Johannes Ru\u00dfe \u2013 Fotografie<\/p>\n<p><img loading=\"lazy\" decoding=\"async\" class=\"alignnone size-full wp-image-4909\" src=\"https:\/\/lisdorf.de\/wp-content\/uploads\/2022\/05\/DSC03071.jpg\" alt=\"\" width=\"640\" height=\"480\" srcset=\"https:\/\/lisdorf.de\/wp-content\/uploads\/2022\/05\/DSC03071.jpg 640w, https:\/\/lisdorf.de\/wp-content\/uploads\/2022\/05\/DSC03071-300x225.jpg 300w, https:\/\/lisdorf.de\/wp-content\/uploads\/2022\/05\/DSC03071-150x113.jpg 150w\" sizes=\"auto, (max-width: 640px) 100vw, 640px\" \/>Peter Seiwert \u2013 Steinbildhauerei<\/p>\n<p>Anneliese Werquet \u2013 \u00d6lgem\u00e4lde<\/p>\n<p><img loading=\"lazy\" decoding=\"async\" class=\"alignnone size-full wp-image-4912\" src=\"https:\/\/lisdorf.de\/wp-content\/uploads\/2022\/05\/Web_Heidrun-7.jpg\" alt=\"\" width=\"320\" height=\"481\" srcset=\"https:\/\/lisdorf.de\/wp-content\/uploads\/2022\/05\/Web_Heidrun-7.jpg 320w, https:\/\/lisdorf.de\/wp-content\/uploads\/2022\/05\/Web_Heidrun-7-300x451.jpg 300w, https:\/\/lisdorf.de\/wp-content\/uploads\/2022\/05\/Web_Heidrun-7-100x150.jpg 100w\" sizes=\"auto, (max-width: 320px) 100vw, 320px\" \/><br \/>\nHeidrun Kley Baltes \u2013 Keramik und Acryl<\/p>\n<p><img loading=\"lazy\" decoding=\"async\" class=\"alignnone size-medium wp-image-860\" src=\"https:\/\/lisdorf.de\/wp-content\/uploads\/2015\/09\/B-Hawner-300x286.jpg\" alt=\"\" width=\"300\" height=\"286\" srcset=\"https:\/\/lisdorf.de\/wp-content\/uploads\/2015\/09\/B-Hawner-300x286.jpg 300w, https:\/\/lisdorf.de\/wp-content\/uploads\/2015\/09\/B-Hawner.jpg 480w\" sizes=\"auto, (max-width: 300px) 100vw, 300px\" \/><br \/>\nBernd Hawner \u2013 Aquarell<\/p>\n<p>Sabine Gruhn \u2013 Acryl<\/p>\n<p>Manfred Wey \u2013 \u00d6l<br \/>\n<a href=\"https:\/\/lisdorf.de\/wp-content\/uploads\/2022\/05\/IMG-20220508-WA0007.jpg\"><img loading=\"lazy\" decoding=\"async\" class=\"alignnone wp-image-4915 size-large\" src=\"https:\/\/lisdorf.de\/wp-content\/uploads\/2022\/05\/IMG-20220508-WA0007-750x1000.jpg\" alt=\"\" width=\"474\" height=\"632\" srcset=\"https:\/\/lisdorf.de\/wp-content\/uploads\/2022\/05\/IMG-20220508-WA0007-750x1000.jpg 750w, https:\/\/lisdorf.de\/wp-content\/uploads\/2022\/05\/IMG-20220508-WA0007-300x400.jpg 300w, https:\/\/lisdorf.de\/wp-content\/uploads\/2022\/05\/IMG-20220508-WA0007-600x800.jpg 600w, https:\/\/lisdorf.de\/wp-content\/uploads\/2022\/05\/IMG-20220508-WA0007-113x150.jpg 113w, https:\/\/lisdorf.de\/wp-content\/uploads\/2022\/05\/IMG-20220508-WA0007.jpg 768w\" sizes=\"auto, (max-width: 474px) 100vw, 474px\" \/><\/a><\/p>\n<p>Elisabeth Jacob \u2013 Patchwork<\/p>\n<p><a href=\"https:\/\/lisdorf.de\/wp-content\/uploads\/2022\/05\/Bernd-Freichel-e1651605040830.jpg\"><img loading=\"lazy\" decoding=\"async\" class=\"alignnone wp-image-4910 size-large\" src=\"https:\/\/lisdorf.de\/wp-content\/uploads\/2022\/05\/Bernd-Freichel-1200x879.jpg\" alt=\"\" width=\"474\" height=\"347\" \/><\/a>Bernd Freichel\u00a0 und Karen Pohl \u2013 \u00d6l und Acryl<\/p>\n<p><img loading=\"lazy\" decoding=\"async\" class=\"alignnone size-medium wp-image-4911\" src=\"https:\/\/lisdorf.de\/wp-content\/uploads\/2022\/05\/Jungmann_111121-1000x750.jpg\" alt=\"\" width=\"1000\" height=\"750\" \/>Gudrun Jungmann \u2013 Acryl und Tusche<\/p>\n<p>&nbsp;<\/p>\n<p>Das wird sicher ein\u00a0 kr\u00f6nender Abschluss der Saarlouiser Woche. Der Heimatverein hei\u00dft alle herzlich willkommen.<\/p>\n","protected":false},"excerpt":{"rendered":"<p>An Pfingstmontag, den 06. Juni 2022, bringt der Heimatverein franz\u00f6sisches Flair nach Lisdorf. K\u00fcnstler und K\u00fcnstlerinnen pr\u00e4sentieren am Brunnenplatz in der Gro\u00dfstra\u00dfe ihr K\u00f6nnen. Man kann ihnen beim Malen und &hellip; <a href=\"https:\/\/lisdorf.de\/?p=4907\" class=\"more-link\"><span class=\"screen-reader-text\">PETIT MONTMARTRE \u2013 KUNST AM BRUNNEN<\/span> weiterlesen <span class=\"meta-nav\">&rarr;<\/span><\/a><\/p>\n","protected":false},"author":1,"featured_media":0,"comment_status":"closed","ping_status":"open","sticky":false,"template":"","format":"standard","meta":{"_jetpack_memberships_contains_paid_content":false,"footnotes":""},"categories":[1],"tags":[],"class_list":["post-4907","post","type-post","status-publish","format-standard","hentry","category-allgemein"],"jetpack_featured_media_url":"","jetpack_sharing_enabled":true,"_links":{"self":[{"href":"https:\/\/lisdorf.de\/index.php?rest_route=\/wp\/v2\/posts\/4907","targetHints":{"allow":["GET"]}}],"collection":[{"href":"https:\/\/lisdorf.de\/index.php?rest_route=\/wp\/v2\/posts"}],"about":[{"href":"https:\/\/lisdorf.de\/index.php?rest_route=\/wp\/v2\/types\/post"}],"author":[{"embeddable":true,"href":"https:\/\/lisdorf.de\/index.php?rest_route=\/wp\/v2\/users\/1"}],"replies":[{"embeddable":true,"href":"https:\/\/lisdorf.de\/index.php?rest_route=%2Fwp%2Fv2%2Fcomments&post=4907"}],"version-history":[{"count":4,"href":"https:\/\/lisdorf.de\/index.php?rest_route=\/wp\/v2\/posts\/4907\/revisions"}],"predecessor-version":[{"id":4923,"href":"https:\/\/lisdorf.de\/index.php?rest_route=\/wp\/v2\/posts\/4907\/revisions\/4923"}],"wp:attachment":[{"href":"https:\/\/lisdorf.de\/index.php?rest_route=%2Fwp%2Fv2%2Fmedia&parent=4907"}],"wp:term":[{"taxonomy":"category","embeddable":true,"href":"https:\/\/lisdorf.de\/index.php?rest_route=%2Fwp%2Fv2%2Fcategories&post=4907"},{"taxonomy":"post_tag","embeddable":true,"href":"https:\/\/lisdorf.de\/index.php?rest_route=%2Fwp%2Fv2%2Ftags&post=4907"}],"curies":[{"name":"wp","href":"https:\/\/api.w.org\/{rel}","templated":true}]}}