{"id":4867,"date":"2022-05-01T11:48:09","date_gmt":"2022-05-01T09:48:09","guid":{"rendered":"http:\/\/lisdorf.de\/?p=4867"},"modified":"2022-05-01T18:47:48","modified_gmt":"2022-05-01T16:47:48","slug":"der-maibaum-in-lisdorf-steht","status":"publish","type":"post","link":"https:\/\/lisdorf.de\/?p=4867","title":{"rendered":"Der Maibaum in Lisdorf steht"},"content":{"rendered":"<p>Viele Besucher freute es am Samstag den 30. April beim traditionellen Maibaumsetzen in Lisdorf dabei zu sein. Zum Auftakt tanzte die Juniorengarde des LiGeKa und die Spielgemeinschaft Lisdorf-Picard spielte endlich wieder f\u00fcr ein gro\u00dfes Publikum. Mit Hilfe der Jugendfeuerwehr wurde der Maibaum mit den Wappen der Lisdorfer Vereine in die H\u00f6he gehoben. Der L\u00f6schbezirksf\u00fchrer der Lisdorfer Feuerwehr Christopher Freichel bedankte sich in seiner Rede bei seinen Kameraden, die auch in Pandemiezeiten unter erschwerten Bedingungen immer voll einsatzf\u00e4hig waren. Hier einige Bilder.<\/p>\n<figure id=\"attachment_4868\" aria-describedby=\"caption-attachment-4868\" style=\"width: 474px\" class=\"wp-caption alignnone\"><a href=\"https:\/\/lisdorf.de\/wp-content\/uploads\/2022\/05\/IMG_20220430_181221-scaled-e1651396937266.jpg\"><img loading=\"lazy\" decoding=\"async\" class=\"wp-image-4868 size-large\" src=\"https:\/\/lisdorf.de\/wp-content\/uploads\/2022\/05\/IMG_20220430_181221-1200x540.jpg\" alt=\"\" width=\"474\" height=\"213\" \/><\/a><figcaption id=\"caption-attachment-4868\" class=\"wp-caption-text\">Halb im Bild Herbert Germann, dann Frederic Becker, Raimund Klein, Georg Jungmann und Oliver Zimmer.<\/figcaption><\/figure>\n<figure id=\"attachment_4869\" aria-describedby=\"caption-attachment-4869\" style=\"width: 474px\" class=\"wp-caption alignnone\"><a href=\"https:\/\/lisdorf.de\/wp-content\/uploads\/2022\/05\/IMG_20220430_181231-scaled-e1651396925155.jpg\"><img loading=\"lazy\" decoding=\"async\" class=\"wp-image-4869 size-large\" src=\"https:\/\/lisdorf.de\/wp-content\/uploads\/2022\/05\/IMG_20220430_181231-1200x540.jpg\" alt=\"\" width=\"474\" height=\"213\" \/><\/a><figcaption id=\"caption-attachment-4869\" class=\"wp-caption-text\">Schon fr\u00fch f\u00fcllte sich der Festplatz am Feuerwehrger\u00e4tehaus.<\/figcaption><\/figure>\n<figure id=\"attachment_4871\" aria-describedby=\"caption-attachment-4871\" style=\"width: 474px\" class=\"wp-caption alignnone\"><a href=\"https:\/\/lisdorf.de\/wp-content\/uploads\/2022\/05\/IMG_20220430_182926-scaled-e1651396899651.jpg\"><img loading=\"lazy\" decoding=\"async\" class=\"wp-image-4871 size-large\" src=\"https:\/\/lisdorf.de\/wp-content\/uploads\/2022\/05\/IMG_20220430_182926-1200x540.jpg\" alt=\"\" width=\"474\" height=\"213\" \/><\/a><figcaption id=\"caption-attachment-4871\" class=\"wp-caption-text\">Erstkommunion in der Lisdorfer Kirche, G\u00e4ste kamen noch kurz zum Maibaumsetzen.<\/figcaption><\/figure>\n<figure id=\"attachment_4872\" aria-describedby=\"caption-attachment-4872\" style=\"width: 474px\" class=\"wp-caption alignnone\"><a href=\"https:\/\/lisdorf.de\/wp-content\/uploads\/2022\/05\/IMG_20220430_183540-scaled-e1651396883174.jpg\"><img loading=\"lazy\" decoding=\"async\" class=\"wp-image-4872 size-large\" src=\"https:\/\/lisdorf.de\/wp-content\/uploads\/2022\/05\/IMG_20220430_183540-1200x540.jpg\" alt=\"\" width=\"474\" height=\"213\" \/><\/a><figcaption id=\"caption-attachment-4872\" class=\"wp-caption-text\">Der L\u00f6schbezirksf\u00fchrer der Freiwilligen Feuerwehr Lisdorf in seiner ersten offiziellen Rede bedankte sich bei seinem Team und begr\u00fc\u00dfte die G\u00e4ste.<\/figcaption><\/figure>\n<figure id=\"attachment_4899\" aria-describedby=\"caption-attachment-4899\" style=\"width: 474px\" class=\"wp-caption alignnone\"><a href=\"https:\/\/lisdorf.de\/wp-content\/uploads\/2022\/05\/IMG_20220430_183552-1-scaled-e1651398987125.jpg\"><img loading=\"lazy\" decoding=\"async\" class=\"wp-image-4899 size-large\" src=\"https:\/\/lisdorf.de\/wp-content\/uploads\/2022\/05\/IMG_20220430_183552-1-1200x540.jpg\" alt=\"\" width=\"474\" height=\"213\" \/><\/a><figcaption id=\"caption-attachment-4899\" class=\"wp-caption-text\">Raphael Sch\u00e4fer, Manfred Bo\u00dfmann und Georg Jungmann im Gespr\u00e4ch. Sicherlich ging es um die Zukunft der Lisdorfer Vereine.<\/figcaption><\/figure>\n<figure id=\"attachment_4879\" aria-describedby=\"caption-attachment-4879\" style=\"width: 474px\" class=\"wp-caption alignnone\"><a href=\"https:\/\/lisdorf.de\/wp-content\/uploads\/2022\/05\/IMG_20220430_183632-scaled-e1651396790474.jpg\"><img loading=\"lazy\" decoding=\"async\" class=\"wp-image-4879 size-large\" src=\"https:\/\/lisdorf.de\/wp-content\/uploads\/2022\/05\/IMG_20220430_183632-1200x540.jpg\" alt=\"\" width=\"474\" height=\"213\" \/><\/a><figcaption id=\"caption-attachment-4879\" class=\"wp-caption-text\">Tanzvorf\u00fchrung der Juniorengarde des LiGeKa.<\/figcaption><\/figure>\n<figure id=\"attachment_4882\" aria-describedby=\"caption-attachment-4882\" style=\"width: 474px\" class=\"wp-caption alignnone\"><a href=\"https:\/\/lisdorf.de\/wp-content\/uploads\/2022\/05\/IMG_20220430_183820-scaled-e1651396719872.jpg\"><img loading=\"lazy\" decoding=\"async\" class=\"wp-image-4882 size-large\" src=\"https:\/\/lisdorf.de\/wp-content\/uploads\/2022\/05\/IMG_20220430_183820-1200x540.jpg\" alt=\"\" width=\"474\" height=\"213\" \/><\/a><figcaption id=\"caption-attachment-4882\" class=\"wp-caption-text\">Juniorengarde des LiGeKa.<\/figcaption><\/figure>\n<figure id=\"attachment_4893\" aria-describedby=\"caption-attachment-4893\" style=\"width: 474px\" class=\"wp-caption alignnone\"><a href=\"https:\/\/lisdorf.de\/wp-content\/uploads\/2022\/05\/IMG_20220430_191525-scaled-e1651396568175.jpg\"><img loading=\"lazy\" decoding=\"async\" class=\"wp-image-4893 size-large\" src=\"https:\/\/lisdorf.de\/wp-content\/uploads\/2022\/05\/IMG_20220430_191525-1200x540.jpg\" alt=\"\" width=\"474\" height=\"213\" \/><\/a><figcaption id=\"caption-attachment-4893\" class=\"wp-caption-text\">Einige Politiker und Vertreter von Vereinen aus anderen Stadtteilen. Bild Mitte: Florian Sch\u00e4fer, Hakan G\u00fcndiz, Alfred Fu\u00df und Hans Werner Strau\u00df. Links Kaplan Carsten Mayer<\/figcaption><\/figure>\n<figure id=\"attachment_4885\" aria-describedby=\"caption-attachment-4885\" style=\"width: 474px\" class=\"wp-caption alignnone\"><a href=\"https:\/\/lisdorf.de\/wp-content\/uploads\/2022\/05\/IMG_20220430_185527-scaled-e1651396674845.jpg\"><img loading=\"lazy\" decoding=\"async\" class=\"wp-image-4885 size-large\" src=\"https:\/\/lisdorf.de\/wp-content\/uploads\/2022\/05\/IMG_20220430_185527-1200x540.jpg\" alt=\"\" width=\"474\" height=\"213\" \/><\/a><figcaption id=\"caption-attachment-4885\" class=\"wp-caption-text\">Zwei alte Freunde aus politischer Zeit im Stadtrat. Alfred Fu\u00df und Klemens Port.<\/figcaption><\/figure>\n<figure id=\"attachment_4886\" aria-describedby=\"caption-attachment-4886\" style=\"width: 474px\" class=\"wp-caption alignnone\"><a href=\"https:\/\/lisdorf.de\/wp-content\/uploads\/2022\/05\/IMG_20220430_185628-scaled-e1651396663765.jpg\"><img loading=\"lazy\" decoding=\"async\" class=\"wp-image-4886 size-large\" src=\"https:\/\/lisdorf.de\/wp-content\/uploads\/2022\/05\/IMG_20220430_185628-1200x540.jpg\" alt=\"\" width=\"474\" height=\"213\" \/><\/a><figcaption id=\"caption-attachment-4886\" class=\"wp-caption-text\">Spielgemeinschaft Lisdorf-Picard spielte zum Auftakt.<\/figcaption><\/figure>\n<figure id=\"attachment_4887\" aria-describedby=\"caption-attachment-4887\" style=\"width: 474px\" class=\"wp-caption alignnone\"><a href=\"https:\/\/lisdorf.de\/wp-content\/uploads\/2022\/05\/IMG_20220430_185638-scaled-e1651396653636.jpg\"><img loading=\"lazy\" decoding=\"async\" class=\"wp-image-4887 size-large\" src=\"https:\/\/lisdorf.de\/wp-content\/uploads\/2022\/05\/IMG_20220430_185638-1200x540.jpg\" alt=\"\" width=\"474\" height=\"213\" \/><\/a><figcaption id=\"caption-attachment-4887\" class=\"wp-caption-text\">Spielgemeinschaft Lisdorf-Picard spielte zum Auftakt.<\/figcaption><\/figure>\n<figure id=\"attachment_4889\" aria-describedby=\"caption-attachment-4889\" style=\"width: 474px\" class=\"wp-caption alignnone\"><a href=\"https:\/\/lisdorf.de\/wp-content\/uploads\/2022\/05\/IMG_20220430_190218-scaled-e1651396616911.jpg\"><img loading=\"lazy\" decoding=\"async\" class=\"wp-image-4889 size-large\" src=\"https:\/\/lisdorf.de\/wp-content\/uploads\/2022\/05\/IMG_20220430_190218-1200x540.jpg\" alt=\"\" width=\"474\" height=\"213\" \/><\/a><figcaption id=\"caption-attachment-4889\" class=\"wp-caption-text\">Auch die Chorgemeinschaft von Lisdorf konnte endlich wieder einen \u00f6ffentlichen Auftritt nach langer Pandemiepause wagen.<\/figcaption><\/figure>\n<figure id=\"attachment_4890\" aria-describedby=\"caption-attachment-4890\" style=\"width: 474px\" class=\"wp-caption alignnone\"><a href=\"https:\/\/lisdorf.de\/wp-content\/uploads\/2022\/05\/IMG_20220430_190220-scaled-e1651396601562.jpg\"><img loading=\"lazy\" decoding=\"async\" class=\"wp-image-4890 size-large\" src=\"https:\/\/lisdorf.de\/wp-content\/uploads\/2022\/05\/IMG_20220430_190220-1200x540.jpg\" alt=\"\" width=\"474\" height=\"213\" \/><\/a><figcaption id=\"caption-attachment-4890\" class=\"wp-caption-text\">Auch die Chorgemeinschaft von Lisdorf konnte endlich wieder einen \u00f6ffentlichen Auftritt nach langer Pandemiepause wagen.<\/figcaption><\/figure>\n<figure id=\"attachment_4891\" aria-describedby=\"caption-attachment-4891\" style=\"width: 474px\" class=\"wp-caption alignnone\"><a href=\"https:\/\/lisdorf.de\/wp-content\/uploads\/2022\/05\/IMG_20220430_191002-scaled-e1651396592665.jpg\"><img loading=\"lazy\" decoding=\"async\" class=\"wp-image-4891 size-large\" src=\"https:\/\/lisdorf.de\/wp-content\/uploads\/2022\/05\/IMG_20220430_191002-1200x540.jpg\" alt=\"\" width=\"474\" height=\"213\" \/><\/a><figcaption id=\"caption-attachment-4891\" class=\"wp-caption-text\">Mit Hilfe der Jugendfeuerwehr wurde fachgerecht der Maibaum aufgestellt und gesichert.<\/figcaption><\/figure>\n<figure id=\"attachment_4895\" aria-describedby=\"caption-attachment-4895\" style=\"width: 360px\" class=\"wp-caption alignnone\"><a href=\"https:\/\/lisdorf.de\/wp-content\/uploads\/2022\/05\/IMG_20220430_191650-scaled-e1651396540719.jpg\"><img loading=\"lazy\" decoding=\"async\" class=\"wp-image-4895 size-medium\" src=\"https:\/\/lisdorf.de\/wp-content\/uploads\/2022\/05\/IMG_20220430_191650-360x800.jpg\" alt=\"\" width=\"360\" height=\"800\" \/><\/a><figcaption id=\"caption-attachment-4895\" class=\"wp-caption-text\">Die Wappen der Lisdorfer Vereine zeigen sich bei blauen Himmel am Maibaum 2022.<\/figcaption><\/figure>\n<p><a href=\"https:\/\/lisdorf.de\/wp-content\/uploads\/2022\/05\/IMG_20220430_181233-scaled-e1651396909508.jpg\"><img loading=\"lazy\" decoding=\"async\" class=\"alignnone wp-image-4870 size-large\" src=\"https:\/\/lisdorf.de\/wp-content\/uploads\/2022\/05\/IMG_20220430_181233-1200x540.jpg\" alt=\"\" width=\"474\" height=\"213\" \/><\/a> <a href=\"https:\/\/lisdorf.de\/wp-content\/uploads\/2022\/05\/IMG_20220430_183545-scaled-e1651396871304.jpg\"><img loading=\"lazy\" decoding=\"async\" class=\"alignnone wp-image-4873 size-large\" src=\"https:\/\/lisdorf.de\/wp-content\/uploads\/2022\/05\/IMG_20220430_183545-1200x540.jpg\" alt=\"\" width=\"474\" height=\"213\" \/><\/a> <a href=\"https:\/\/lisdorf.de\/wp-content\/uploads\/2022\/05\/IMG_20220430_183549-scaled-e1651396857405.jpg\"><img loading=\"lazy\" decoding=\"async\" class=\"alignnone wp-image-4874 size-large\" src=\"https:\/\/lisdorf.de\/wp-content\/uploads\/2022\/05\/IMG_20220430_183549-1200x540.jpg\" alt=\"\" width=\"474\" height=\"213\" \/><\/a> <a href=\"https:\/\/lisdorf.de\/wp-content\/uploads\/2022\/05\/IMG_20220430_183554-scaled-e1651396830800.jpg\"><img loading=\"lazy\" decoding=\"async\" class=\"alignnone wp-image-4876 size-large\" src=\"https:\/\/lisdorf.de\/wp-content\/uploads\/2022\/05\/IMG_20220430_183554-1200x540.jpg\" alt=\"\" width=\"474\" height=\"213\" \/><\/a> <a href=\"https:\/\/lisdorf.de\/wp-content\/uploads\/2022\/05\/IMG_20220430_183557-scaled-e1651396812311.jpg\"><img loading=\"lazy\" decoding=\"async\" class=\"alignnone wp-image-4877 size-large\" src=\"https:\/\/lisdorf.de\/wp-content\/uploads\/2022\/05\/IMG_20220430_183557-1200x540.jpg\" alt=\"\" width=\"474\" height=\"213\" \/><\/a> <a href=\"https:\/\/lisdorf.de\/wp-content\/uploads\/2022\/05\/IMG_20220430_183600-scaled-e1651396800604.jpg\"><img loading=\"lazy\" decoding=\"async\" class=\"alignnone wp-image-4878 size-large\" src=\"https:\/\/lisdorf.de\/wp-content\/uploads\/2022\/05\/IMG_20220430_183600-1200x540.jpg\" alt=\"\" width=\"474\" height=\"213\" \/><\/a> <a href=\"https:\/\/lisdorf.de\/wp-content\/uploads\/2022\/05\/IMG_20220430_183649-scaled-e1651396750406.jpg\"><img loading=\"lazy\" decoding=\"async\" class=\"alignnone wp-image-4880 size-large\" src=\"https:\/\/lisdorf.de\/wp-content\/uploads\/2022\/05\/IMG_20220430_183649-1200x540.jpg\" alt=\"\" width=\"474\" height=\"213\" \/><\/a> <a href=\"https:\/\/lisdorf.de\/wp-content\/uploads\/2022\/05\/IMG_20220430_183816-scaled-e1651396733519.jpg\"><img loading=\"lazy\" decoding=\"async\" class=\"alignnone wp-image-4881 size-large\" src=\"https:\/\/lisdorf.de\/wp-content\/uploads\/2022\/05\/IMG_20220430_183816-1200x540.jpg\" alt=\"\" width=\"474\" height=\"213\" \/><\/a> <a href=\"https:\/\/lisdorf.de\/wp-content\/uploads\/2022\/05\/IMG_20220430_183830-scaled-e1651396703158.jpg\"><img loading=\"lazy\" decoding=\"async\" class=\"alignnone wp-image-4883 size-large\" src=\"https:\/\/lisdorf.de\/wp-content\/uploads\/2022\/05\/IMG_20220430_183830-1200x540.jpg\" alt=\"\" width=\"474\" height=\"213\" \/><\/a> <a href=\"https:\/\/lisdorf.de\/wp-content\/uploads\/2022\/05\/Maibaumsetzen-2022-scaled-e1651399356214.jpg\"><img loading=\"lazy\" decoding=\"async\" class=\"alignnone wp-image-4901 size-large\" src=\"https:\/\/lisdorf.de\/wp-content\/uploads\/2022\/05\/Maibaumsetzen-2022-1200x540.jpg\" alt=\"\" width=\"474\" height=\"213\" \/><\/a><\/p>\n<p><a href=\"https:\/\/lisdorf.de\/wp-content\/uploads\/2022\/05\/IMG_20220430_191644-scaled-e1651396553705.jpg\"><img loading=\"lazy\" decoding=\"async\" class=\"alignnone wp-image-4894 size-large\" src=\"https:\/\/lisdorf.de\/wp-content\/uploads\/2022\/05\/IMG_20220430_191644-1200x540.jpg\" alt=\"\" width=\"474\" height=\"213\" \/><\/a><\/p>\n","protected":false},"excerpt":{"rendered":"<p>Viele Besucher freute es am Samstag den 30. April beim traditionellen Maibaumsetzen in Lisdorf dabei zu sein. Zum Auftakt tanzte die Juniorengarde des LiGeKa und die Spielgemeinschaft Lisdorf-Picard spielte endlich &hellip; <a href=\"https:\/\/lisdorf.de\/?p=4867\" class=\"more-link\"><span class=\"screen-reader-text\">Der Maibaum in Lisdorf steht<\/span> weiterlesen <span class=\"meta-nav\">&rarr;<\/span><\/a><\/p>\n","protected":false},"author":1,"featured_media":0,"comment_status":"closed","ping_status":"open","sticky":false,"template":"","format":"standard","meta":{"_jetpack_memberships_contains_paid_content":false,"footnotes":""},"categories":[1],"tags":[],"class_list":["post-4867","post","type-post","status-publish","format-standard","hentry","category-allgemein"],"jetpack_featured_media_url":"","jetpack_sharing_enabled":true,"_links":{"self":[{"href":"https:\/\/lisdorf.de\/index.php?rest_route=\/wp\/v2\/posts\/4867","targetHints":{"allow":["GET"]}}],"collection":[{"href":"https:\/\/lisdorf.de\/index.php?rest_route=\/wp\/v2\/posts"}],"about":[{"href":"https:\/\/lisdorf.de\/index.php?rest_route=\/wp\/v2\/types\/post"}],"author":[{"embeddable":true,"href":"https:\/\/lisdorf.de\/index.php?rest_route=\/wp\/v2\/users\/1"}],"replies":[{"embeddable":true,"href":"https:\/\/lisdorf.de\/index.php?rest_route=%2Fwp%2Fv2%2Fcomments&post=4867"}],"version-history":[{"count":8,"href":"https:\/\/lisdorf.de\/index.php?rest_route=\/wp\/v2\/posts\/4867\/revisions"}],"predecessor-version":[{"id":4905,"href":"https:\/\/lisdorf.de\/index.php?rest_route=\/wp\/v2\/posts\/4867\/revisions\/4905"}],"wp:attachment":[{"href":"https:\/\/lisdorf.de\/index.php?rest_route=%2Fwp%2Fv2%2Fmedia&parent=4867"}],"wp:term":[{"taxonomy":"category","embeddable":true,"href":"https:\/\/lisdorf.de\/index.php?rest_route=%2Fwp%2Fv2%2Fcategories&post=4867"},{"taxonomy":"post_tag","embeddable":true,"href":"https:\/\/lisdorf.de\/index.php?rest_route=%2Fwp%2Fv2%2Ftags&post=4867"}],"curies":[{"name":"wp","href":"https:\/\/api.w.org\/{rel}","templated":true}]}}