{"id":473,"date":"2015-03-14T21:11:24","date_gmt":"2015-03-14T20:11:24","guid":{"rendered":"http:\/\/lisdorf.de\/?p=473"},"modified":"2015-03-16T08:13:38","modified_gmt":"2015-03-16T07:13:38","slug":"es-gruent-so-gruen-im-rosenthal","status":"publish","type":"post","link":"https:\/\/lisdorf.de\/?p=473","title":{"rendered":"Es gr\u00fcnt so gr\u00fcn im Rosenthal"},"content":{"rendered":"<h4><em><span style=\"color: #008000;\">Erstes Gr\u00fcn auf dem Sportplatz Rosenthal<\/span><\/em><\/h4>\n<p style=\"text-align: justify;\">Nur noch wenige Wochen, dann haben sich die Mitglieder des SV 1929 Saalouis-Lisdorf e.V. einen lang gehegten Traum erf\u00fcllt. Der neue Rasenplatz ist so gut wie fertig. Die Verbundsteinarbeiten rund um den Platz sind im vollen Gange und auch an der Berieselungsanlage muss noch gearbeitet werden. Doch Vorsitzender Josef G\u00f6rgen ist zuversichtlich, dass bis zum Sommer alles erledigt ist.<\/p>\n<p style=\"text-align: justify;\">Insgesamt wird die Realisierung des Projektes ca. 260.000 \u20ac kosten.\u00a0 100 000 \u20ac hat die Stadt Saarlouis \u00fcbernommen, weitere Zusch\u00fcsse von 70 000 Euro und die Eigenleistung des Vereins von ca. 90 000 \u20ac decken die Kosten. Hierbei ist der Verein auch auf Spenden angewiesen.<\/p>\n<p style=\"text-align: justify;\">Der Platz wird nach Fertigstellung mit Sicherheit einer der sch\u00f6nsten Anlagen im Kreis sein. Ohne die vielen Helfer, die in Eigenleistung Handwerksarbeiten \u00fcbernehmen und die Sportanlage mit gestalten, w\u00e4re ein solches Projekt f\u00fcr den Verein nicht zu stemmen.<\/p>\n<p style=\"text-align: justify;\">Spenden sind auch weiterhin willkommen. Alle Spender (Rasenpaten) werden sp\u00e4ter namentlich auf einer Tafel im Clubheim aufgef\u00fchrt.<\/p>\n<p>Spendenkonto: KSK Saarlouis Konto 0370028607 BLZ 59350110<br \/>\nIBAN DE02593501100370028607<\/p>\n<p style=\"text-align: center;\">\u00a0\u00a0\u00a0 Das erste zarte Gr\u00fcn<a href=\"https:\/\/lisdorf.de\/wp-content\/uploads\/2015\/03\/20150314_112547kl.jpg\"><img loading=\"lazy\" decoding=\"async\" class=\" size-medium wp-image-481 aligncenter\" src=\"https:\/\/lisdorf.de\/wp-content\/uploads\/2015\/03\/20150314_112547kl-300x169.jpg\" alt=\"20150314_112547kl\" width=\"300\" height=\"169\" srcset=\"https:\/\/lisdorf.de\/wp-content\/uploads\/2015\/03\/20150314_112547kl-300x169.jpg 300w, https:\/\/lisdorf.de\/wp-content\/uploads\/2015\/03\/20150314_112547kl-510x287.jpg 510w, https:\/\/lisdorf.de\/wp-content\/uploads\/2015\/03\/20150314_112547kl.jpg 800w\" sizes=\"auto, (max-width: 300px) 100vw, 300px\" \/><\/a><\/p>\n<p style=\"text-align: center;\">Verbundsteine sind fast fertig verlegt<a href=\"https:\/\/lisdorf.de\/wp-content\/uploads\/2015\/03\/20150314_112440kl.jpg\"><img loading=\"lazy\" decoding=\"async\" class=\" size-medium wp-image-479 aligncenter\" src=\"https:\/\/lisdorf.de\/wp-content\/uploads\/2015\/03\/20150314_112440kl-300x169.jpg\" alt=\"20150314_112440kl\" width=\"300\" height=\"169\" srcset=\"https:\/\/lisdorf.de\/wp-content\/uploads\/2015\/03\/20150314_112440kl-300x169.jpg 300w, https:\/\/lisdorf.de\/wp-content\/uploads\/2015\/03\/20150314_112440kl-510x287.jpg 510w, https:\/\/lisdorf.de\/wp-content\/uploads\/2015\/03\/20150314_112440kl.jpg 800w\" sizes=\"auto, (max-width: 300px) 100vw, 300px\" \/><\/a><\/p>\n<p style=\"text-align: center;\">Hier sieht man schon, das wird richtig gut. <a href=\"https:\/\/lisdorf.de\/wp-content\/uploads\/2015\/03\/20150314_112540kl.jpg\"><img loading=\"lazy\" decoding=\"async\" class=\" size-medium wp-image-480 aligncenter\" src=\"https:\/\/lisdorf.de\/wp-content\/uploads\/2015\/03\/20150314_112540kl-300x169.jpg\" alt=\"20150314_112540kl\" width=\"300\" height=\"169\" srcset=\"https:\/\/lisdorf.de\/wp-content\/uploads\/2015\/03\/20150314_112540kl-300x169.jpg 300w, https:\/\/lisdorf.de\/wp-content\/uploads\/2015\/03\/20150314_112540kl-510x287.jpg 510w, https:\/\/lisdorf.de\/wp-content\/uploads\/2015\/03\/20150314_112540kl.jpg 800w\" sizes=\"auto, (max-width: 300px) 100vw, 300px\" \/><\/a>Ein sch\u00f6ner Platz\u00a0 <a href=\"https:\/\/lisdorf.de\/wp-content\/uploads\/2015\/03\/20150314_112727kl.jpg\"><img loading=\"lazy\" decoding=\"async\" class=\" size-medium wp-image-482 aligncenter\" src=\"https:\/\/lisdorf.de\/wp-content\/uploads\/2015\/03\/20150314_112727kl-300x169.jpg\" alt=\"20150314_112727kl\" width=\"300\" height=\"169\" srcset=\"https:\/\/lisdorf.de\/wp-content\/uploads\/2015\/03\/20150314_112727kl-300x169.jpg 300w, https:\/\/lisdorf.de\/wp-content\/uploads\/2015\/03\/20150314_112727kl-510x287.jpg 510w, https:\/\/lisdorf.de\/wp-content\/uploads\/2015\/03\/20150314_112727kl.jpg 800w\" sizes=\"auto, (max-width: 300px) 100vw, 300px\" \/><\/a><\/p>\n<p style=\"text-align: center;\">Josef G\u00f6rgen und Herbert Weirich m\u00fcssen noch ein bi\u00dfchen schwitzen.<a href=\"https:\/\/lisdorf.de\/wp-content\/uploads\/2015\/03\/20150314_113502kl.jpg\"><img loading=\"lazy\" decoding=\"async\" class=\" size-medium wp-image-483 aligncenter\" src=\"https:\/\/lisdorf.de\/wp-content\/uploads\/2015\/03\/20150314_113502kl-300x169.jpg\" alt=\"20150314_113502kl\" width=\"300\" height=\"169\" srcset=\"https:\/\/lisdorf.de\/wp-content\/uploads\/2015\/03\/20150314_113502kl-300x169.jpg 300w, https:\/\/lisdorf.de\/wp-content\/uploads\/2015\/03\/20150314_113502kl-510x287.jpg 510w, https:\/\/lisdorf.de\/wp-content\/uploads\/2015\/03\/20150314_113502kl.jpg 799w\" sizes=\"auto, (max-width: 300px) 100vw, 300px\" \/><\/a><\/p>\n<p style=\"text-align: center;\">Die flei\u00dfigen Helfer des Vereins<a href=\"https:\/\/lisdorf.de\/wp-content\/uploads\/2015\/03\/20150314_113753kl.jpg\"><img loading=\"lazy\" decoding=\"async\" class=\" size-medium wp-image-484 aligncenter\" src=\"https:\/\/lisdorf.de\/wp-content\/uploads\/2015\/03\/20150314_113753kl-300x169.jpg\" alt=\"20150314_113753kl\" width=\"300\" height=\"169\" srcset=\"https:\/\/lisdorf.de\/wp-content\/uploads\/2015\/03\/20150314_113753kl-300x169.jpg 300w, https:\/\/lisdorf.de\/wp-content\/uploads\/2015\/03\/20150314_113753kl-510x287.jpg 510w, https:\/\/lisdorf.de\/wp-content\/uploads\/2015\/03\/20150314_113753kl.jpg 800w\" sizes=\"auto, (max-width: 300px) 100vw, 300px\" \/><\/a><\/p>\n","protected":false},"excerpt":{"rendered":"<p>Erstes Gr\u00fcn auf dem Sportplatz Rosenthal Nur noch wenige Wochen, dann haben sich die Mitglieder des SV 1929 Saalouis-Lisdorf e.V. einen lang gehegten Traum erf\u00fcllt. Der neue Rasenplatz ist so &hellip; <a href=\"https:\/\/lisdorf.de\/?p=473\" class=\"more-link\"><span class=\"screen-reader-text\">Es gr\u00fcnt so gr\u00fcn im Rosenthal<\/span> weiterlesen <span class=\"meta-nav\">&rarr;<\/span><\/a><\/p>\n","protected":false},"author":1,"featured_media":0,"comment_status":"closed","ping_status":"open","sticky":false,"template":"","format":"standard","meta":{"_jetpack_memberships_contains_paid_content":false,"footnotes":""},"categories":[1],"tags":[],"class_list":["post-473","post","type-post","status-publish","format-standard","hentry","category-allgemein"],"jetpack_featured_media_url":"","jetpack_sharing_enabled":true,"_links":{"self":[{"href":"https:\/\/lisdorf.de\/index.php?rest_route=\/wp\/v2\/posts\/473","targetHints":{"allow":["GET"]}}],"collection":[{"href":"https:\/\/lisdorf.de\/index.php?rest_route=\/wp\/v2\/posts"}],"about":[{"href":"https:\/\/lisdorf.de\/index.php?rest_route=\/wp\/v2\/types\/post"}],"author":[{"embeddable":true,"href":"https:\/\/lisdorf.de\/index.php?rest_route=\/wp\/v2\/users\/1"}],"replies":[{"embeddable":true,"href":"https:\/\/lisdorf.de\/index.php?rest_route=%2Fwp%2Fv2%2Fcomments&post=473"}],"version-history":[{"count":10,"href":"https:\/\/lisdorf.de\/index.php?rest_route=\/wp\/v2\/posts\/473\/revisions"}],"predecessor-version":[{"id":523,"href":"https:\/\/lisdorf.de\/index.php?rest_route=\/wp\/v2\/posts\/473\/revisions\/523"}],"wp:attachment":[{"href":"https:\/\/lisdorf.de\/index.php?rest_route=%2Fwp%2Fv2%2Fmedia&parent=473"}],"wp:term":[{"taxonomy":"category","embeddable":true,"href":"https:\/\/lisdorf.de\/index.php?rest_route=%2Fwp%2Fv2%2Fcategories&post=473"},{"taxonomy":"post_tag","embeddable":true,"href":"https:\/\/lisdorf.de\/index.php?rest_route=%2Fwp%2Fv2%2Ftags&post=473"}],"curies":[{"name":"wp","href":"https:\/\/api.w.org\/{rel}","templated":true}]}}