{"id":4447,"date":"2020-11-23T09:55:35","date_gmt":"2020-11-23T08:55:35","guid":{"rendered":"http:\/\/lisdorf.de\/?p=4447"},"modified":"2020-11-23T09:56:45","modified_gmt":"2020-11-23T08:56:45","slug":"aus-unserer-pfarreiengemeinschaft","status":"publish","type":"post","link":"https:\/\/lisdorf.de\/?p=4447","title":{"rendered":"Aus unserer Pfarreiengemeinschaft"},"content":{"rendered":"<p>Die Corona-Pandemie macht auch nicht vor unseren Kirchen halt. Das Bistum Trier hat zusammen mit den Verantwortlichen in unseren Pfarreien f\u00fcr unsere Pfarrkirchen Hygienekonzepte erarbeitet, die einen Kirchenbesuch m\u00f6glich machen. Damit die erforderlichen Abst\u00e4nde eingehalten werden k\u00f6nnen,\u00a0 sind derzeit in unseren Kirchen nur begrenzte Besucherzahlen zugelassen. Um m\u00f6glichst vielen Gl\u00e4ubigen an den Weihnachtstagen einen Kirchenbesuch zu erm\u00f6glichen, haben unsere Seelsorger die Anzahl der angebotenen Gottesdienste erh\u00f6ht. Ein Besuch der Gottesdienste ist nur nach vorheriger telefonischer Anmeldung m\u00f6glich. Die Anmeldungen f\u00fcr die Weihnachtsgottesdienste k\u00f6nnen erst ab dem 14.12.2020 unter den unten angegebenen Telefonnummern entgegengenommen werden.<\/p>\n<p>Vorschau auf die Weihnachtsgottesdienste<\/p>\n<p><strong>Donnerstag 24.12.2020,\u00a0 Heilig Abend<br \/>\n<\/strong>St. Ludwig\u00a0\u00a0\u00a0\u00a0\u00a0\u00a0 \u00a0\u00a0\u00a0\u00a0\u00a0\u00a0\u00a0\u00a0\u00a0\u00a0\u00a0 16.00 Uhr\u00a0\u00a0\u00a0\u00a0\u00a0\u00a0 Wort-Gottes-Feier zum Hl. Abend<br \/>\nBous\u00a0\u00a0\u00a0\u00a0\u00a0\u00a0\u00a0\u00a0\u00a0\u00a0\u00a0\u00a0\u00a0\u00a0 \u00a0\u00a0\u00a0\u00a0\u00a0\u00a0\u00a0\u00a0\u00a0\u00a0 \u00a0 \u00a0\u00a0 16.00 Uhr\u00a0\u00a0\u00a0\u00a0\u00a0\u00a0 Wort-Gottes-Feier zum Hl. Abend<br \/>\nEnsdorf\u00a0\u00a0\u00a0\u00a0\u00a0\u00a0\u00a0\u00a0\u00a0\u00a0 \u00a0\u00a0\u00a0\u00a0\u00a0\u00a0\u00a0\u00a0\u00a0\u00a0 \u00a0 16.00 Uhr\u00a0\u00a0\u00a0\u00a0\u00a0\u00a0 Wort-Gottes-Feier zum Hl. Abend<br \/>\nLisdorf\u00a0\u00a0\u00a0\u00a0\u00a0\u00a0\u00a0\u00a0\u00a0\u00a0\u00a0 \u00a0\u00a0\u00a0\u00a0\u00a0\u00a0\u00a0\u00a0\u00a0\u00a0 \u00a0\u00a0 16.00 Uhr\u00a0\u00a0\u00a0\u00a0\u00a0\u00a0 Wort-Gottes-Feier zum Hl. Abend<br \/>\nLisdorf\u00a0\u00a0\u00a0\u00a0\u00a0\u00a0\u00a0\u00a0\u00a0\u00a0\u00a0 \u00a0\u00a0\u00a0\u00a0\u00a0\u00a0\u00a0\u00a0\u00a0\u00a0\u00a0\u00a0\u00a0 17.30 Uhr\u00a0\u00a0\u00a0\u00a0\u00a0\u00a0 Christmette<br \/>\nEnsdorf\u00a0\u00a0\u00a0\u00a0\u00a0\u00a0\u00a0\u00a0\u00a0\u00a0 \u00a0\u00a0\u00a0\u00a0\u00a0\u00a0\u00a0\u00a0\u00a0 \u00a0\u00a0 18.00 Uhr\u00a0\u00a0\u00a0\u00a0\u00a0\u00a0 Christmette<br \/>\nSt. Ludwig\u00a0\u00a0\u00a0\u00a0\u00a0\u00a0 \u00a0\u00a0\u00a0\u00a0\u00a0\u00a0\u00a0\u00a0\u00a0\u00a0\u00a0 22.00 Uhr\u00a0\u00a0\u00a0\u00a0\u00a0\u00a0 Christmette<\/p>\n<p><strong>Freitag, 25.12.2020,\u00a0\u00a0 1. Weihnachtstag<br \/>\n<\/strong>Beaumarais\u00a0\u00a0\u00a0 \u00a0\u00a0\u00a0\u00a0\u00a0\u00a0 \u00a0\u00a0 09.30 Uhr\u00a0\u00a0\u00a0\u00a0\u00a0\u00a0 Festhochamt<br \/>\nBous\u00a0\u00a0\u00a0\u00a0\u00a0\u00a0\u00a0\u00a0\u00a0\u00a0\u00a0\u00a0\u00a0\u00a0 \u00a0\u00a0\u00a0\u00a0\u00a0\u00a0\u00a0\u00a0\u00a0\u00a0\u00a0\u00a0\u00a0 09.30 Uhr\u00a0\u00a0\u00a0\u00a0\u00a0\u00a0 Festhochamt<br \/>\nLisdorf\u00a0\u00a0\u00a0\u00a0\u00a0\u00a0\u00a0\u00a0\u00a0\u00a0\u00a0 \u00a0\u00a0\u00a0\u00a0\u00a0\u00a0\u00a0\u00a0\u00a0\u00a0\u00a0\u00a0 09.30 Uhr\u00a0\u00a0\u00a0\u00a0\u00a0\u00a0 Festhochamt<br \/>\nSt. Ludwig\u00a0\u00a0\u00a0\u00a0\u00a0\u00a0 \u00a0\u00a0\u00a0\u00a0\u00a0\u00a0\u00a0\u00a0\u00a0 11.00 Uhr\u00a0\u00a0\u00a0\u00a0\u00a0\u00a0 Festhochamt<br \/>\nSt. Ludwig\u00a0\u00a0\u00a0\u00a0\u00a0\u00a0 \u00a0\u00a0\u00a0\u00a0\u00a0\u00a0\u00a0\u00a0\u00a0 18.00 Uhr\u00a0\u00a0\u00a0\u00a0\u00a0\u00a0 Festmesse<br \/>\nPicard\u00a0\u00a0\u00a0\u00a0\u00a0\u00a0\u00a0\u00a0\u00a0\u00a0\u00a0\u00a0 \u00a0\u00a0\u00a0\u00a0\u00a0\u00a0\u00a0\u00a0\u00a0\u00a0\u00a0 18.00 Uhr\u00a0\u00a0\u00a0\u00a0\u00a0\u00a0 Festmesse<\/p>\n<p><strong>Samstag, 26.12.2020,\u00a0 2. Weihnachtstag<br \/>\n<\/strong>Ensdorf\u00a0\u00a0\u00a0\u00a0\u00a0\u00a0\u00a0\u00a0\u00a0\u00a0 \u00a0\u00a0\u00a0\u00a0\u00a0\u00a0\u00a0\u00a0\u00a0\u00a0\u00a0 09.30 Uhr\u00a0\u00a0\u00a0\u00a0\u00a0\u00a0 Festhochamt<br \/>\nNeuforweiler\u00a0 \u00a0\u00a0\u00a0\u00a0\u00a0\u00a0\u00a0 09.30 Uhr\u00a0\u00a0\u00a0\u00a0\u00a0\u00a0 Festhochamt<br \/>\nSt. Ludwig\u00a0\u00a0\u00a0\u00a0\u00a0\u00a0 \u00a0\u00a0\u00a0\u00a0\u00a0\u00a0\u00a0\u00a0\u00a0 11.00 Uhr\u00a0\u00a0\u00a0\u00a0\u00a0\u00a0 Festhochamt<br \/>\nLisdorf\u00a0\u00a0\u00a0\u00a0\u00a0\u00a0\u00a0\u00a0\u00a0\u00a0\u00a0 \u00a0\u00a0\u00a0\u00a0\u00a0\u00a0\u00a0\u00a0\u00a0\u00a0\u00a0 17.00 Uhr\u00a0\u00a0\u00a0\u00a0\u00a0\u00a0 Festmesse<br \/>\nSt. Ludwig\u00a0\u00a0\u00a0\u00a0\u00a0\u00a0 \u00a0\u00a0\u00a0\u00a0\u00a0\u00a0\u00a0\u00a0\u00a0 18.00 Uhr\u00a0\u00a0\u00a0\u00a0\u00a0\u00a0 Festmesse<br \/>\nBous\u00a0\u00a0\u00a0\u00a0\u00a0\u00a0\u00a0\u00a0\u00a0\u00a0\u00a0\u00a0\u00a0\u00a0 \u00a0\u00a0\u00a0\u00a0\u00a0 \u00a0\u00a0 \u00a0\u00a0\u00a0\u00a0 18.30 Uhr\u00a0\u00a0\u00a0\u00a0\u00a0\u00a0 Festmesse<\/p>\n<p><strong>Donnerstag, 31.12.2020,\u00a0 Silvester<br \/>\n<\/strong>Lisdorf\u00a0\u00a0\u00a0\u00a0\u00a0\u00a0\u00a0\u00a0\u00a0\u00a0\u00a0 \u00a0\u00a0\u00a0\u00a0\u00a0\u00a0\u00a0\u00a0\u00a0\u00a0\u00a0 17.00 Uhr\u00a0\u00a0\u00a0\u00a0\u00a0\u00a0 Eucharistiefeier zum Jahresschluss<br \/>\nSt. Ludwig\u00a0\u00a0\u00a0\u00a0\u00a0\u00a0 \u00a0\u00a0\u00a0\u00a0\u00a0\u00a0\u00a0\u00a0\u00a0 18.00 Uhr\u00a0\u00a0\u00a0\u00a0\u00a0\u00a0 Eucharistiefeier zum Jahresschluss<br \/>\nEnsdorf\u00a0\u00a0\u00a0\u00a0\u00a0\u00a0\u00a0\u00a0\u00a0\u00a0 \u00a0\u00a0\u00a0\u00a0\u00a0\u00a0\u00a0\u00a0\u00a0\u00a0 18.30 Uhr\u00a0\u00a0\u00a0\u00a0\u00a0\u00a0 Eucharistiefeier zum Jahresschluss<\/p>\n<p><strong>Freitag, 01.01.2021,\u00a0\u00a0 Neujahr<br \/>\n<\/strong>Beaumarais\u00a0\u00a0\u00a0 \u00a0\u00a0\u00a0\u00a0\u00a0\u00a0\u00a0\u00a0 09.30 Uhr\u00a0\u00a0\u00a0\u00a0\u00a0\u00a0 Festhochamt<br \/>\nSt. Ludwig\u00a0\u00a0\u00a0\u00a0\u00a0\u00a0 \u00a0\u00a0\u00a0\u00a0\u00a0\u00a0\u00a0\u00a0 11.00 Uhr\u00a0\u00a0\u00a0\u00a0\u00a0\u00a0 Festhochamt<br \/>\nPicard\u00a0\u00a0\u00a0\u00a0\u00a0\u00a0\u00a0\u00a0\u00a0\u00a0\u00a0\u00a0 \u00a0\u00a0\u00a0\u00a0\u00a0\u00a0\u00a0\u00a0\u00a0\u00a0\u00a0 18.00 Uhr\u00a0\u00a0\u00a0\u00a0\u00a0\u00a0 Festmesse<br \/>\nSt. Ludwig\u00a0\u00a0\u00a0\u00a0\u00a0\u00a0 \u00a0\u00a0\u00a0\u00a0\u00a0\u00a0\u00a0\u00a0 18.00 Uhr\u00a0\u00a0\u00a0\u00a0\u00a0\u00a0 Festmesse<br \/>\nBous\u00a0\u00a0\u00a0\u00a0\u00a0\u00a0\u00a0\u00a0\u00a0\u00a0\u00a0\u00a0\u00a0\u00a0 \u00a0\u00a0\u00a0\u00a0\u00a0 \u00a0 \u00a0\u00a0\u00a0\u00a0 18.30 Uhr\u00a0\u00a0\u00a0\u00a0\u00a0\u00a0 Festmesse<strong>\u00a0<\/strong><\/p>\n<p><strong>F\u00fcr alle oben genannten Gottesdienste der Pfarreiengemeinschaften <\/strong><strong>Saarlouis links der Saar und Bous-Ensdorf k\u00f6nnen Sie sich bereits <\/strong><strong>ab Montag, 14.12.2020 (ab 09.00 Uhr) in den Pfarrb\u00fcros:<\/strong><\/p>\n<p><strong>St. Ludwig, Saarlouis, Telefon 06831-40187<br \/>\n<\/strong><strong>Bous, Tel. 06834-2378<br \/>\n<\/strong><strong>Ensdorf, Tel. 06831-52264 anmelden!<\/strong><\/p>\n","protected":false},"excerpt":{"rendered":"<p>Die Corona-Pandemie macht auch nicht vor unseren Kirchen halt. Das Bistum Trier hat zusammen mit den Verantwortlichen in unseren Pfarreien f\u00fcr unsere Pfarrkirchen Hygienekonzepte erarbeitet, die einen Kirchenbesuch m\u00f6glich machen. &hellip; <a href=\"https:\/\/lisdorf.de\/?p=4447\" class=\"more-link\"><span class=\"screen-reader-text\">Aus unserer Pfarreiengemeinschaft<\/span> weiterlesen <span class=\"meta-nav\">&rarr;<\/span><\/a><\/p>\n","protected":false},"author":3,"featured_media":0,"comment_status":"closed","ping_status":"open","sticky":false,"template":"","format":"standard","meta":{"_jetpack_memberships_contains_paid_content":false,"footnotes":""},"categories":[1],"tags":[],"class_list":["post-4447","post","type-post","status-publish","format-standard","hentry","category-allgemein"],"jetpack_featured_media_url":"","jetpack_sharing_enabled":true,"_links":{"self":[{"href":"https:\/\/lisdorf.de\/index.php?rest_route=\/wp\/v2\/posts\/4447","targetHints":{"allow":["GET"]}}],"collection":[{"href":"https:\/\/lisdorf.de\/index.php?rest_route=\/wp\/v2\/posts"}],"about":[{"href":"https:\/\/lisdorf.de\/index.php?rest_route=\/wp\/v2\/types\/post"}],"author":[{"embeddable":true,"href":"https:\/\/lisdorf.de\/index.php?rest_route=\/wp\/v2\/users\/3"}],"replies":[{"embeddable":true,"href":"https:\/\/lisdorf.de\/index.php?rest_route=%2Fwp%2Fv2%2Fcomments&post=4447"}],"version-history":[{"count":2,"href":"https:\/\/lisdorf.de\/index.php?rest_route=\/wp\/v2\/posts\/4447\/revisions"}],"predecessor-version":[{"id":4449,"href":"https:\/\/lisdorf.de\/index.php?rest_route=\/wp\/v2\/posts\/4447\/revisions\/4449"}],"wp:attachment":[{"href":"https:\/\/lisdorf.de\/index.php?rest_route=%2Fwp%2Fv2%2Fmedia&parent=4447"}],"wp:term":[{"taxonomy":"category","embeddable":true,"href":"https:\/\/lisdorf.de\/index.php?rest_route=%2Fwp%2Fv2%2Fcategories&post=4447"},{"taxonomy":"post_tag","embeddable":true,"href":"https:\/\/lisdorf.de\/index.php?rest_route=%2Fwp%2Fv2%2Ftags&post=4447"}],"curies":[{"name":"wp","href":"https:\/\/api.w.org\/{rel}","templated":true}]}}