{"id":4296,"date":"2020-06-01T07:35:56","date_gmt":"2020-06-01T05:35:56","guid":{"rendered":"http:\/\/lisdorf.de\/?p=4296"},"modified":"2020-06-01T07:35:56","modified_gmt":"2020-06-01T05:35:56","slug":"sv-1929-lisdorf-die-planungen-schreiten-voran","status":"publish","type":"post","link":"https:\/\/lisdorf.de\/?p=4296","title":{"rendered":"SV 1929 Lisdorf: Die Planungen schreiten voran"},"content":{"rendered":"<p>In den n\u00e4chsten Wochen wird es eine endg\u00fcltige Entscheidung geben, wie die saarl\u00e4ndischen Spielklassen gewertet werden, so dann auch die Kreisliga A Saar betreffend, in der der SVL sich auf dem 7. Platz befindet. W\u00e4hrend wir auf das Ergebnis warten, schreiten die Planungen f\u00fcr die n\u00e4chste Saison voran. Abg\u00e4nge sind bereits bekannt, daf\u00fcr sto\u00dfen auch neue Spieler zum SV Lisdorf hinzu. Ein R\u00fcckkehrer mit Alex Walter ist dabei, zudem t\u00fctete man den Transfer von Tobias Schallmeiner ein. Den Trainingsbetrieb haben wir auch wieder aufgenommen- man sieht, es geht in langsamen Schritten wieder Richtung Normalit\u00e4t. Allen einen sch\u00f6nen Pfingstsonntag! Nur der SVL!<\/p>\n","protected":false},"excerpt":{"rendered":"<p>In den n\u00e4chsten Wochen wird es eine endg\u00fcltige Entscheidung geben, wie die saarl\u00e4ndischen Spielklassen gewertet werden, so dann auch die Kreisliga A Saar betreffend, in der der SVL sich auf &hellip; <a href=\"https:\/\/lisdorf.de\/?p=4296\" class=\"more-link\"><span class=\"screen-reader-text\">SV 1929 Lisdorf: Die Planungen schreiten voran<\/span> weiterlesen <span class=\"meta-nav\">&rarr;<\/span><\/a><\/p>\n","protected":false},"author":19,"featured_media":0,"comment_status":"closed","ping_status":"open","sticky":false,"template":"","format":"standard","meta":{"_jetpack_memberships_contains_paid_content":false,"footnotes":""},"categories":[1],"tags":[],"class_list":["post-4296","post","type-post","status-publish","format-standard","hentry","category-allgemein"],"jetpack_featured_media_url":"","jetpack_sharing_enabled":true,"_links":{"self":[{"href":"https:\/\/lisdorf.de\/index.php?rest_route=\/wp\/v2\/posts\/4296","targetHints":{"allow":["GET"]}}],"collection":[{"href":"https:\/\/lisdorf.de\/index.php?rest_route=\/wp\/v2\/posts"}],"about":[{"href":"https:\/\/lisdorf.de\/index.php?rest_route=\/wp\/v2\/types\/post"}],"author":[{"embeddable":true,"href":"https:\/\/lisdorf.de\/index.php?rest_route=\/wp\/v2\/users\/19"}],"replies":[{"embeddable":true,"href":"https:\/\/lisdorf.de\/index.php?rest_route=%2Fwp%2Fv2%2Fcomments&post=4296"}],"version-history":[{"count":1,"href":"https:\/\/lisdorf.de\/index.php?rest_route=\/wp\/v2\/posts\/4296\/revisions"}],"predecessor-version":[{"id":4297,"href":"https:\/\/lisdorf.de\/index.php?rest_route=\/wp\/v2\/posts\/4296\/revisions\/4297"}],"wp:attachment":[{"href":"https:\/\/lisdorf.de\/index.php?rest_route=%2Fwp%2Fv2%2Fmedia&parent=4296"}],"wp:term":[{"taxonomy":"category","embeddable":true,"href":"https:\/\/lisdorf.de\/index.php?rest_route=%2Fwp%2Fv2%2Fcategories&post=4296"},{"taxonomy":"post_tag","embeddable":true,"href":"https:\/\/lisdorf.de\/index.php?rest_route=%2Fwp%2Fv2%2Ftags&post=4296"}],"curies":[{"name":"wp","href":"https:\/\/api.w.org\/{rel}","templated":true}]}}