{"id":4216,"date":"2019-08-09T20:05:02","date_gmt":"2019-08-09T18:05:02","guid":{"rendered":"http:\/\/lisdorf.de\/?p=4216"},"modified":"2020-04-02T20:08:57","modified_gmt":"2020-04-02T18:08:57","slug":"jugendfreizeit-2019-nach-koeln","status":"publish","type":"post","link":"https:\/\/lisdorf.de\/?p=4216","title":{"rendered":"Jugendfreizeit 2019 nach K\u00f6ln"},"content":{"rendered":"<p><a href=\"https:\/\/lisdorf.de\/wp-content\/uploads\/2020\/04\/HYQX9159.jpg\"><img loading=\"lazy\" decoding=\"async\" class=\"alignnone size-medium wp-image-4215\" src=\"https:\/\/lisdorf.de\/wp-content\/uploads\/2020\/04\/HYQX9159-300x225.jpg\" alt=\"\" width=\"300\" height=\"225\" srcset=\"https:\/\/lisdorf.de\/wp-content\/uploads\/2020\/04\/HYQX9159-300x225.jpg 300w, https:\/\/lisdorf.de\/wp-content\/uploads\/2020\/04\/HYQX9159-510x383.jpg 510w, https:\/\/lisdorf.de\/wp-content\/uploads\/2020\/04\/HYQX9159-768x576.jpg 768w, https:\/\/lisdorf.de\/wp-content\/uploads\/2020\/04\/HYQX9159-1536x1152.jpg 1536w, https:\/\/lisdorf.de\/wp-content\/uploads\/2020\/04\/HYQX9159.jpg 1600w\" sizes=\"auto, (max-width: 300px) 100vw, 300px\" \/><\/a><\/p>\n<p>06. &#8211; 08.08.2019<\/p>\n<p>In diesem Jahr ging die Jugendfreizeit nach K\u00f6ln!<\/p>\n<p>Immer in der letzten Sommerferienwoche startet die <a href=\"https:\/\/www.sg-lisdorf-picard.de\">Spielgemeinschaft &#8222;Lyra&#8220; Lisdorf-Picard<\/a> eine Jugendfreizeit zu st\u00e4ndig wechselnden Reisezielen. Neben einer Stadtrundfahrt und ausf\u00fchrlichem Shoppen in K\u00f6ln besuchte die Spielgemeinschaft au\u00dferdem noch die WDR-Studios. Highlight jedoch war mit Sicherheit der Besuch des Freizeitparks &#8222;Phantasialand&#8220; in Br\u00fchl. Die Fahrten mit der Spielgemeinschaft machen immer wieder Spa\u00df!<\/p>\n<p><a href=\"https:\/\/www.sg-lisdorf-picard.de\/aktuelles\/\">[mehr]\u00a0<\/a> <a href=\"https:\/\/www.sg-lisdorf-picard.de\/galerie\/\">[Fotos]<\/a><\/p>\n","protected":false},"excerpt":{"rendered":"<p>06. &#8211; 08.08.2019 In diesem Jahr ging die Jugendfreizeit nach K\u00f6ln! Immer in der letzten Sommerferienwoche startet die Spielgemeinschaft &#8222;Lyra&#8220; Lisdorf-Picard eine Jugendfreizeit zu st\u00e4ndig wechselnden Reisezielen. Neben einer Stadtrundfahrt &hellip; <a href=\"https:\/\/lisdorf.de\/?p=4216\" class=\"more-link\"><span class=\"screen-reader-text\">Jugendfreizeit 2019 nach K\u00f6ln<\/span> weiterlesen <span class=\"meta-nav\">&rarr;<\/span><\/a><\/p>\n","protected":false},"author":18,"featured_media":0,"comment_status":"closed","ping_status":"open","sticky":false,"template":"","format":"standard","meta":{"_jetpack_memberships_contains_paid_content":false,"footnotes":""},"categories":[1,31],"tags":[34,39,40,38],"class_list":["post-4216","post","type-post","status-publish","format-standard","hentry","category-allgemein","category-sg-lyra","tag-lisdorf","tag-lyra","tag-musik","tag-sg"],"jetpack_featured_media_url":"","jetpack_sharing_enabled":true,"_links":{"self":[{"href":"https:\/\/lisdorf.de\/index.php?rest_route=\/wp\/v2\/posts\/4216","targetHints":{"allow":["GET"]}}],"collection":[{"href":"https:\/\/lisdorf.de\/index.php?rest_route=\/wp\/v2\/posts"}],"about":[{"href":"https:\/\/lisdorf.de\/index.php?rest_route=\/wp\/v2\/types\/post"}],"author":[{"embeddable":true,"href":"https:\/\/lisdorf.de\/index.php?rest_route=\/wp\/v2\/users\/18"}],"replies":[{"embeddable":true,"href":"https:\/\/lisdorf.de\/index.php?rest_route=%2Fwp%2Fv2%2Fcomments&post=4216"}],"version-history":[{"count":1,"href":"https:\/\/lisdorf.de\/index.php?rest_route=\/wp\/v2\/posts\/4216\/revisions"}],"predecessor-version":[{"id":4217,"href":"https:\/\/lisdorf.de\/index.php?rest_route=\/wp\/v2\/posts\/4216\/revisions\/4217"}],"wp:attachment":[{"href":"https:\/\/lisdorf.de\/index.php?rest_route=%2Fwp%2Fv2%2Fmedia&parent=4216"}],"wp:term":[{"taxonomy":"category","embeddable":true,"href":"https:\/\/lisdorf.de\/index.php?rest_route=%2Fwp%2Fv2%2Fcategories&post=4216"},{"taxonomy":"post_tag","embeddable":true,"href":"https:\/\/lisdorf.de\/index.php?rest_route=%2Fwp%2Fv2%2Ftags&post=4216"}],"curies":[{"name":"wp","href":"https:\/\/api.w.org\/{rel}","templated":true}]}}