{"id":3988,"date":"2020-03-28T19:24:06","date_gmt":"2020-03-28T18:24:06","guid":{"rendered":"http:\/\/lisdorf.de\/?p=3988"},"modified":"2020-03-28T19:24:06","modified_gmt":"2020-03-28T18:24:06","slug":"corona-dahemm-ohne-flemm-4","status":"publish","type":"post","link":"https:\/\/lisdorf.de\/?p=3988","title":{"rendered":"Corona dahemm &#8211; ohne Flemm"},"content":{"rendered":"<blockquote><p>Auch mich hat Corona ausgebremst. Ich arbeite zwar nicht mehr, aber trotzdem habe ich jetzt mehr Zeit die gef\u00fcllt werden muss. Nachdem alle Fenster geputzt sind und im Garten alles gemacht ist , was momentan geht habe ich meine N\u00e4hmaschine wieder ausgepackt. In weiser Voraussicht haben meine Tochter und ich am Tag bevor die Gesch\u00e4fte schliessen mussten gehandelt. Wir haben im Stoffladen in Lisdorf zugeschlagen. Da ich im Sommer Oma werde, gibt es viele sch\u00f6ne Dinge die man n\u00e4hen kann.<br \/>\n<a href=\"https:\/\/lisdorf.de\/wp-content\/uploads\/2020\/03\/IMG_20200328_112900-scaled.jpg\"><img loading=\"lazy\" decoding=\"async\" class=\"alignnone size-medium wp-image-3991\" src=\"https:\/\/lisdorf.de\/wp-content\/uploads\/2020\/03\/IMG_20200328_112900-225x300.jpg\" alt=\"\" width=\"225\" height=\"300\" srcset=\"https:\/\/lisdorf.de\/wp-content\/uploads\/2020\/03\/IMG_20200328_112900-225x300.jpg 225w, https:\/\/lisdorf.de\/wp-content\/uploads\/2020\/03\/IMG_20200328_112900-scaled-300x400.jpg 300w, https:\/\/lisdorf.de\/wp-content\/uploads\/2020\/03\/IMG_20200328_112900-510x680.jpg 510w, https:\/\/lisdorf.de\/wp-content\/uploads\/2020\/03\/IMG_20200328_112900-768x1024.jpg 768w, https:\/\/lisdorf.de\/wp-content\/uploads\/2020\/03\/IMG_20200328_112900-1152x1536.jpg 1152w, https:\/\/lisdorf.de\/wp-content\/uploads\/2020\/03\/IMG_20200328_112900-1536x2048.jpg 1536w, https:\/\/lisdorf.de\/wp-content\/uploads\/2020\/03\/IMG_20200328_112900-scaled.jpg 1920w\" sizes=\"auto, (max-width: 225px) 100vw, 225px\" \/><\/a><\/p>\n<p>Als erstes habe ich meine Patchworkhefte durchst\u00f6bert und bin schnell f\u00fcndig geworden. Nachdem der neue Stoff gewaschen und geb\u00fcgelt war ging es los. Zuerst habe ich das Top f\u00fcr eine Krabbeldecke gen\u00e4ht die verschenkt werden soll. Als n\u00e4chstes habe ich einen Wandbehang gefertigt f\u00fcr das Kinderzimmer unserer kleinen Maus. Ich habe schon viele Kinderdecken und Kissen gen\u00e4ht, aber wenn es f\u00fcr das eigene Enkelkind ist, dann sind doch viel mehr Emotionen dabei. Jeder Handgriff war mit Liebe gef\u00fcllt. Die Omas unter euch werden mich verstehen. Als n\u00e4chstes n\u00e4he ich f\u00fcr die werdende Mutter eine Auflage und Kissen f\u00fcr die Gartenbank, damit sie sich ausruhen und Sonne tanken kann. Wenn das geschafft ist, mache ich mich an eine Krabbeldecke. Ihr seht, bei mir kommt keine Langeweile auf. Zwischendurch will der werdende Opa ja auch noch bekocht werden.<br \/>\n<a href=\"https:\/\/lisdorf.de\/wp-content\/uploads\/2020\/03\/IMG_20200325_172655-scaled.jpg\"><img loading=\"lazy\" decoding=\"async\" class=\"alignnone size-medium wp-image-3992\" src=\"https:\/\/lisdorf.de\/wp-content\/uploads\/2020\/03\/IMG_20200325_172655-225x300.jpg\" alt=\"\" width=\"225\" height=\"300\" srcset=\"https:\/\/lisdorf.de\/wp-content\/uploads\/2020\/03\/IMG_20200325_172655-225x300.jpg 225w, https:\/\/lisdorf.de\/wp-content\/uploads\/2020\/03\/IMG_20200325_172655-scaled-300x400.jpg 300w, https:\/\/lisdorf.de\/wp-content\/uploads\/2020\/03\/IMG_20200325_172655-510x680.jpg 510w, https:\/\/lisdorf.de\/wp-content\/uploads\/2020\/03\/IMG_20200325_172655-768x1024.jpg 768w, https:\/\/lisdorf.de\/wp-content\/uploads\/2020\/03\/IMG_20200325_172655-1152x1536.jpg 1152w, https:\/\/lisdorf.de\/wp-content\/uploads\/2020\/03\/IMG_20200325_172655-1536x2048.jpg 1536w, https:\/\/lisdorf.de\/wp-content\/uploads\/2020\/03\/IMG_20200325_172655-scaled.jpg 1920w\" sizes=\"auto, (max-width: 225px) 100vw, 225px\" \/><\/a><br \/>\nWir gedulden uns einfach noch eine Weile und halten die F\u00fcsse still. Umso sch\u00f6ner ist es wenn wir wieder ins normale Leben zur\u00fcckkehren d\u00fcrfen und wieder gemeinsam mit Freunden und Bekannten Kontakt haben k\u00f6nnen. Liebe Gr\u00fcsse und bleibt gesund . Elisabeth Jacob<\/p>\n<p>&nbsp;<\/p><\/blockquote>\n","protected":false},"excerpt":{"rendered":"<p>Auch mich hat Corona ausgebremst. Ich arbeite zwar nicht mehr, aber trotzdem habe ich jetzt mehr Zeit die gef\u00fcllt werden muss. Nachdem alle Fenster geputzt sind und im Garten alles &hellip; <a href=\"https:\/\/lisdorf.de\/?p=3988\" class=\"more-link\"><span class=\"screen-reader-text\">Corona dahemm &#8211; ohne Flemm<\/span> weiterlesen <span class=\"meta-nav\">&rarr;<\/span><\/a><\/p>\n","protected":false},"author":1,"featured_media":3990,"comment_status":"closed","ping_status":"open","sticky":false,"template":"","format":"standard","meta":{"_jetpack_memberships_contains_paid_content":false,"footnotes":""},"categories":[1],"tags":[],"class_list":["post-3988","post","type-post","status-publish","format-standard","has-post-thumbnail","hentry","category-allgemein"],"jetpack_featured_media_url":"https:\/\/lisdorf.de\/wp-content\/uploads\/2020\/03\/IMG_20200321_161700-scaled.jpg","jetpack_sharing_enabled":true,"_links":{"self":[{"href":"https:\/\/lisdorf.de\/index.php?rest_route=\/wp\/v2\/posts\/3988","targetHints":{"allow":["GET"]}}],"collection":[{"href":"https:\/\/lisdorf.de\/index.php?rest_route=\/wp\/v2\/posts"}],"about":[{"href":"https:\/\/lisdorf.de\/index.php?rest_route=\/wp\/v2\/types\/post"}],"author":[{"embeddable":true,"href":"https:\/\/lisdorf.de\/index.php?rest_route=\/wp\/v2\/users\/1"}],"replies":[{"embeddable":true,"href":"https:\/\/lisdorf.de\/index.php?rest_route=%2Fwp%2Fv2%2Fcomments&post=3988"}],"version-history":[{"count":2,"href":"https:\/\/lisdorf.de\/index.php?rest_route=\/wp\/v2\/posts\/3988\/revisions"}],"predecessor-version":[{"id":4030,"href":"https:\/\/lisdorf.de\/index.php?rest_route=\/wp\/v2\/posts\/3988\/revisions\/4030"}],"wp:featuredmedia":[{"embeddable":true,"href":"https:\/\/lisdorf.de\/index.php?rest_route=\/wp\/v2\/media\/3990"}],"wp:attachment":[{"href":"https:\/\/lisdorf.de\/index.php?rest_route=%2Fwp%2Fv2%2Fmedia&parent=3988"}],"wp:term":[{"taxonomy":"category","embeddable":true,"href":"https:\/\/lisdorf.de\/index.php?rest_route=%2Fwp%2Fv2%2Fcategories&post=3988"},{"taxonomy":"post_tag","embeddable":true,"href":"https:\/\/lisdorf.de\/index.php?rest_route=%2Fwp%2Fv2%2Ftags&post=3988"}],"curies":[{"name":"wp","href":"https:\/\/api.w.org\/{rel}","templated":true}]}}