{"id":3959,"date":"2020-03-27T09:57:35","date_gmt":"2020-03-27T08:57:35","guid":{"rendered":"http:\/\/lisdorf.de\/?p=3959"},"modified":"2020-03-27T09:59:50","modified_gmt":"2020-03-27T08:59:50","slug":"corona-dahemm-ohne-flemm-3","status":"publish","type":"post","link":"https:\/\/lisdorf.de\/?p=3959","title":{"rendered":"Corona dahemm &#8211; ohne Flemm"},"content":{"rendered":"<p>Fast eine Woche Dahemm. Was mache ich in dieser Zeit? Aufr\u00e4umen, im Haushalt helfen, nur die n\u00f6tigsten Dinge besorgen, Vereinsarbeit am PC und mit Gabi im Garten arbeiten. Und hier im Garten gehe ich meinem Hobby nach. Bonsai. Meine Minib\u00e4ume selbst gezogen aus Stecklingen, Findlingen und Samen. Alles B\u00e4ume wie sie bei uns in der Natur zu finden sind. Ulmen, Ahorn, Buchen, Lerchen, Haselnuss und viele andere. Ca 50 B\u00e4ume m\u00fcssen st\u00e4ndig geschnitten und umgetopft werden. Seit ca. 50 Jahre begeistert mich dieses Hobby. Im Herbst f\u00e4rben sich die Bl\u00e4tter in allen Farben bis sie abgeworfen werden. Es ist sch\u00f6n im Fr\u00fchjahr die B\u00e4ume wieder im kr\u00e4ftigen Gr\u00fcn zu sehen. Alle \u00fcberwintern drau\u00dfen im Freien. Mein \u00e4ltester Baum ist eine Lerche, gekauft als Containerpflanze, da war sie etwa 4-5 Jahre alt. Mit st\u00e4ndigem schneiden, formen und guter Pflege ist sie heute rund 50 Jahre alt.<\/p>\n<figure id=\"attachment_3966\" aria-describedby=\"caption-attachment-3966\" style=\"width: 169px\" class=\"wp-caption alignnone\"><a href=\"https:\/\/lisdorf.de\/wp-content\/uploads\/2020\/03\/IMG_20200326_162633-scaled-e1585299191498.jpg\"><img loading=\"lazy\" decoding=\"async\" class=\"wp-image-3966 size-medium\" src=\"https:\/\/lisdorf.de\/wp-content\/uploads\/2020\/03\/IMG_20200326_162633-169x300.jpg\" alt=\"50 Jahre alte Lerche\" width=\"169\" height=\"300\" \/><\/a><figcaption id=\"caption-attachment-3966\" class=\"wp-caption-text\">Lerche ca. 50 Jahre, gerade umgetopft. die ersten gr\u00fcnen Bl\u00e4tter sind zu sehen.<\/figcaption><\/figure>\n<p>Und ich freue mich das sie eine der ersten Pflanzen ist die jetzt schon kr\u00e4ftig austreibt. Gestern habe ich sie in einen gr\u00f6\u00dferen Topf umgesetzt, dabei die Wurzeln geschnitten und frische Erde nachgef\u00fcllt. \u00a0Im laufe der Jahre hat man so seine eigene Technik entwickelt wie man an die Sache ran geht. <a href=\"https:\/\/lisdorf.de\/wp-content\/uploads\/2020\/03\/IMG_20200326_135718-scaled-e1585299087446.jpg\"><img loading=\"lazy\" decoding=\"async\" class=\"alignnone size-medium wp-image-3964\" src=\"https:\/\/lisdorf.de\/wp-content\/uploads\/2020\/03\/IMG_20200326_135718-300x169.jpg\" alt=\"\" width=\"300\" height=\"169\" \/><\/a><\/p>\n<p><a href=\"https:\/\/lisdorf.de\/wp-content\/uploads\/2020\/03\/IMG_20200326_135810-scaled-e1585299064620.jpg\"><img loading=\"lazy\" decoding=\"async\" class=\"alignnone size-medium wp-image-3965\" src=\"https:\/\/lisdorf.de\/wp-content\/uploads\/2020\/03\/IMG_20200326_135810-300x169.jpg\" alt=\"\" width=\"300\" height=\"169\" \/><\/a><\/p>\n<p><a href=\"https:\/\/lisdorf.de\/wp-content\/uploads\/2020\/03\/IMG_20200326_162639-scaled-e1585298756997.jpg\"><img loading=\"lazy\" decoding=\"async\" class=\"alignnone size-medium wp-image-3961\" src=\"https:\/\/lisdorf.de\/wp-content\/uploads\/2020\/03\/IMG_20200326_162639-300x169.jpg\" alt=\"\" width=\"300\" height=\"169\" \/><\/a><\/p>\n<p>Eine Tr\u00f6pfchenbew\u00e4sserung wird in den n\u00e4chsten Tagen installiert. Durch die kleinen T\u00f6pfe brauchen die Pflanzen dreimal am Tag bei trockenem Wetter Wasser. Das funktioniert ganz gut, besonders in der Urlaubszeit. Aber da sind wir ja im Moment weit davon entfernt. Meine B\u00e4ume lenken mich in dieser Zeit, wo es fast keine sozialen Kontakte gibt, von der Corana-Krise etwas ab. Irgendwie sind es ja auch meine Kinder. Bleibt gesund.\u00a0 Herbert Germann<\/p>\n","protected":false},"excerpt":{"rendered":"<p>Fast eine Woche Dahemm. Was mache ich in dieser Zeit? Aufr\u00e4umen, im Haushalt helfen, nur die n\u00f6tigsten Dinge besorgen, Vereinsarbeit am PC und mit Gabi im Garten arbeiten. Und hier &hellip; <a href=\"https:\/\/lisdorf.de\/?p=3959\" class=\"more-link\"><span class=\"screen-reader-text\">Corona dahemm &#8211; ohne Flemm<\/span> weiterlesen <span class=\"meta-nav\">&rarr;<\/span><\/a><\/p>\n","protected":false},"author":1,"featured_media":3963,"comment_status":"closed","ping_status":"open","sticky":false,"template":"","format":"standard","meta":{"_jetpack_memberships_contains_paid_content":false,"footnotes":""},"categories":[1],"tags":[],"class_list":["post-3959","post","type-post","status-publish","format-standard","has-post-thumbnail","hentry","category-allgemein"],"jetpack_featured_media_url":"https:\/\/lisdorf.de\/wp-content\/uploads\/2020\/03\/IMG_20200326_162711-scaled-e1585298844789.jpg","jetpack_sharing_enabled":true,"_links":{"self":[{"href":"https:\/\/lisdorf.de\/index.php?rest_route=\/wp\/v2\/posts\/3959","targetHints":{"allow":["GET"]}}],"collection":[{"href":"https:\/\/lisdorf.de\/index.php?rest_route=\/wp\/v2\/posts"}],"about":[{"href":"https:\/\/lisdorf.de\/index.php?rest_route=\/wp\/v2\/types\/post"}],"author":[{"embeddable":true,"href":"https:\/\/lisdorf.de\/index.php?rest_route=\/wp\/v2\/users\/1"}],"replies":[{"embeddable":true,"href":"https:\/\/lisdorf.de\/index.php?rest_route=%2Fwp%2Fv2%2Fcomments&post=3959"}],"version-history":[{"count":4,"href":"https:\/\/lisdorf.de\/index.php?rest_route=\/wp\/v2\/posts\/3959\/revisions"}],"predecessor-version":[{"id":3969,"href":"https:\/\/lisdorf.de\/index.php?rest_route=\/wp\/v2\/posts\/3959\/revisions\/3969"}],"wp:featuredmedia":[{"embeddable":true,"href":"https:\/\/lisdorf.de\/index.php?rest_route=\/wp\/v2\/media\/3963"}],"wp:attachment":[{"href":"https:\/\/lisdorf.de\/index.php?rest_route=%2Fwp%2Fv2%2Fmedia&parent=3959"}],"wp:term":[{"taxonomy":"category","embeddable":true,"href":"https:\/\/lisdorf.de\/index.php?rest_route=%2Fwp%2Fv2%2Fcategories&post=3959"},{"taxonomy":"post_tag","embeddable":true,"href":"https:\/\/lisdorf.de\/index.php?rest_route=%2Fwp%2Fv2%2Ftags&post=3959"}],"curies":[{"name":"wp","href":"https:\/\/api.w.org\/{rel}","templated":true}]}}