{"id":3662,"date":"2019-12-09T19:48:10","date_gmt":"2019-12-09T18:48:10","guid":{"rendered":"http:\/\/lisdorf.de\/?p=3662"},"modified":"2019-12-09T19:48:10","modified_gmt":"2019-12-09T18:48:10","slug":"sv-1929-lisdorf-beginnt-hallensaison","status":"publish","type":"post","link":"https:\/\/lisdorf.de\/?p=3662","title":{"rendered":"SV 1929 Lisdorf beginnt Hallensaison"},"content":{"rendered":"<p>Das erste Hallenturnier fand f\u00fcr den SVL am Wochenende in Saarlouis statt. Leider musste Lisdorf nach drei klaren Niederlagen bereits nach der Vorrunde die Segel streichen. Es war allerdings auch eine schwierige Gruppe. Danke an die Spieler, die an dem Tag gegen den Ball getreten haben, denn es war schwierig, einen guten Kader f\u00fcr diesen Tag zu finden. In den n\u00e4chsten Wochen gehen wir es etwas locker an, halten uns aber in der Lisdorfer Halle fit! Den Plan f\u00fcr die Vorbereitung haben die Spieler bereits erhalten, vorher finden noch einige Hallenturniere (4.1. in Bisten, Ausrichter ist Felsberg \/ 19.1. Stadtmeisterschaft \/ 25.1. Stella Sud) statt. Wir w\u00fcrden uns auf Unterst\u00fctzung freuen! Nur der SVL!<\/p>\n","protected":false},"excerpt":{"rendered":"<p>Das erste Hallenturnier fand f\u00fcr den SVL am Wochenende in Saarlouis statt. Leider musste Lisdorf nach drei klaren Niederlagen bereits nach der Vorrunde die Segel streichen. Es war allerdings auch &hellip; <a href=\"https:\/\/lisdorf.de\/?p=3662\" class=\"more-link\"><span class=\"screen-reader-text\">SV 1929 Lisdorf beginnt Hallensaison<\/span> weiterlesen <span class=\"meta-nav\">&rarr;<\/span><\/a><\/p>\n","protected":false},"author":19,"featured_media":0,"comment_status":"closed","ping_status":"open","sticky":false,"template":"","format":"standard","meta":{"_jetpack_memberships_contains_paid_content":false,"footnotes":""},"categories":[1],"tags":[],"class_list":["post-3662","post","type-post","status-publish","format-standard","hentry","category-allgemein"],"jetpack_featured_media_url":"","jetpack_sharing_enabled":true,"_links":{"self":[{"href":"https:\/\/lisdorf.de\/index.php?rest_route=\/wp\/v2\/posts\/3662","targetHints":{"allow":["GET"]}}],"collection":[{"href":"https:\/\/lisdorf.de\/index.php?rest_route=\/wp\/v2\/posts"}],"about":[{"href":"https:\/\/lisdorf.de\/index.php?rest_route=\/wp\/v2\/types\/post"}],"author":[{"embeddable":true,"href":"https:\/\/lisdorf.de\/index.php?rest_route=\/wp\/v2\/users\/19"}],"replies":[{"embeddable":true,"href":"https:\/\/lisdorf.de\/index.php?rest_route=%2Fwp%2Fv2%2Fcomments&post=3662"}],"version-history":[{"count":1,"href":"https:\/\/lisdorf.de\/index.php?rest_route=\/wp\/v2\/posts\/3662\/revisions"}],"predecessor-version":[{"id":3663,"href":"https:\/\/lisdorf.de\/index.php?rest_route=\/wp\/v2\/posts\/3662\/revisions\/3663"}],"wp:attachment":[{"href":"https:\/\/lisdorf.de\/index.php?rest_route=%2Fwp%2Fv2%2Fmedia&parent=3662"}],"wp:term":[{"taxonomy":"category","embeddable":true,"href":"https:\/\/lisdorf.de\/index.php?rest_route=%2Fwp%2Fv2%2Fcategories&post=3662"},{"taxonomy":"post_tag","embeddable":true,"href":"https:\/\/lisdorf.de\/index.php?rest_route=%2Fwp%2Fv2%2Ftags&post=3662"}],"curies":[{"name":"wp","href":"https:\/\/api.w.org\/{rel}","templated":true}]}}