{"id":3655,"date":"2019-12-09T10:11:57","date_gmt":"2019-12-09T09:11:57","guid":{"rendered":"http:\/\/lisdorf.de\/?p=3655"},"modified":"2019-12-09T10:11:57","modified_gmt":"2019-12-09T09:11:57","slug":"geaenderte-zufahrt-fort-rauch","status":"publish","type":"post","link":"https:\/\/lisdorf.de\/?p=3655","title":{"rendered":"Ge\u00e4nderte Zufahrt Fort Rauch"},"content":{"rendered":"<p>Ge\u00e4nderte Verkehrsf\u00fchrung in der Fort Rauch Stra\u00dfe ab Donnerstag, den 12.12.2019<\/p>\n<ul>\n<li>Wie schon in der B\u00fcrgerinformationsveranstaltung Ende Oktober angesprochen, wird die Fort Rauch Stra\u00dfe in H\u00f6he der Garagenzufahrten zwischen Haus-Nr. 2 und 6 f\u00fcr den motorisierten Durchgangsverkehr gesperrt.<br \/>\nDie Sperrung erfolgt mittels Betonelementen zwischen denen aber Radfahrer \/ Fu\u00dfg\u00e4nger ungehindert passieren k\u00f6nnen.<br \/>\nDie Ma\u00dfnahme wird in einer 6 \u2013 8 monatigen Probephase getestet.<br \/>\nAlle Anwohner m\u00fcssen dann ab dem Umbau mit Ihren Fahrzeugen \u00fcber die Ensdorfer Stra\u00dfe Ein- und Ausfahren.<\/p>\n<hr \/>\n<\/li>\n<\/ul>\n","protected":false},"excerpt":{"rendered":"<p>Ge\u00e4nderte Verkehrsf\u00fchrung in der Fort Rauch Stra\u00dfe ab Donnerstag, den 12.12.2019 Wie schon in der B\u00fcrgerinformationsveranstaltung Ende Oktober angesprochen, wird die Fort Rauch Stra\u00dfe in H\u00f6he der Garagenzufahrten zwischen Haus-Nr. &hellip; <a href=\"https:\/\/lisdorf.de\/?p=3655\" class=\"more-link\"><span class=\"screen-reader-text\">Ge\u00e4nderte Zufahrt Fort Rauch<\/span> weiterlesen <span class=\"meta-nav\">&rarr;<\/span><\/a><\/p>\n","protected":false},"author":1,"featured_media":0,"comment_status":"closed","ping_status":"open","sticky":false,"template":"","format":"standard","meta":{"_jetpack_memberships_contains_paid_content":false,"footnotes":""},"categories":[1],"tags":[],"class_list":["post-3655","post","type-post","status-publish","format-standard","hentry","category-allgemein"],"jetpack_featured_media_url":"","jetpack_sharing_enabled":true,"_links":{"self":[{"href":"https:\/\/lisdorf.de\/index.php?rest_route=\/wp\/v2\/posts\/3655","targetHints":{"allow":["GET"]}}],"collection":[{"href":"https:\/\/lisdorf.de\/index.php?rest_route=\/wp\/v2\/posts"}],"about":[{"href":"https:\/\/lisdorf.de\/index.php?rest_route=\/wp\/v2\/types\/post"}],"author":[{"embeddable":true,"href":"https:\/\/lisdorf.de\/index.php?rest_route=\/wp\/v2\/users\/1"}],"replies":[{"embeddable":true,"href":"https:\/\/lisdorf.de\/index.php?rest_route=%2Fwp%2Fv2%2Fcomments&post=3655"}],"version-history":[{"count":1,"href":"https:\/\/lisdorf.de\/index.php?rest_route=\/wp\/v2\/posts\/3655\/revisions"}],"predecessor-version":[{"id":3656,"href":"https:\/\/lisdorf.de\/index.php?rest_route=\/wp\/v2\/posts\/3655\/revisions\/3656"}],"wp:attachment":[{"href":"https:\/\/lisdorf.de\/index.php?rest_route=%2Fwp%2Fv2%2Fmedia&parent=3655"}],"wp:term":[{"taxonomy":"category","embeddable":true,"href":"https:\/\/lisdorf.de\/index.php?rest_route=%2Fwp%2Fv2%2Fcategories&post=3655"},{"taxonomy":"post_tag","embeddable":true,"href":"https:\/\/lisdorf.de\/index.php?rest_route=%2Fwp%2Fv2%2Ftags&post=3655"}],"curies":[{"name":"wp","href":"https:\/\/api.w.org\/{rel}","templated":true}]}}