{"id":3483,"date":"2019-09-25T23:56:23","date_gmt":"2019-09-25T21:56:23","guid":{"rendered":"http:\/\/lisdorf.de\/?p=3483"},"modified":"2019-09-25T23:56:23","modified_gmt":"2019-09-25T21:56:23","slug":"georg-jungmann-gibt-cdu-vorsitz-in-juengere-haende","status":"publish","type":"post","link":"https:\/\/lisdorf.de\/?p=3483","title":{"rendered":"Georg Jungmann gibt CDU Vorsitz in j\u00fcngere H\u00e4nde"},"content":{"rendered":"<p>Der Stadtverband der CDU hat an seinem Deligiertentag in der Kulturhalle Roden einen neuen Vorsitzenden gew\u00e4hlt. Georg Jungmann, der 20 Jahre den Stadtverband gef\u00fchrt hat, gab das Amt an Marc Speicher weiter. Auch wurde als Gesch\u00e4ftsf\u00fchrer Frederic Becker f\u00fcr den Vorstand gew\u00e4hlt. Georg steht jetzt f\u00fcr neue Aufgaben in Lisdorf zur Verf\u00fcgung. In der Versammlung w\u00fcrdigte Marc Speicher die Verdienste von Georg in der Stadt- und Landespolitik.<\/p>\n<p><a href=\"https:\/\/lisdorf.de\/wp-content\/uploads\/2019\/09\/IMG_20190925_195640_1-e1569448340371.jpg\"><img loading=\"lazy\" decoding=\"async\" src=\"https:\/\/lisdorf.de\/wp-content\/uploads\/2019\/09\/IMG_20190925_195640_1-e1569448501163-169x300.jpg\" alt=\"\" width=\"169\" height=\"300\" \/><\/a><\/p>\n<figure id=\"attachment_3485\" aria-describedby=\"caption-attachment-3485\" style=\"width: 300px\" class=\"wp-caption alignnone\"><a href=\"https:\/\/lisdorf.de\/wp-content\/uploads\/2019\/09\/IMG_20190925_204100-e1569448275579.jpg\"><img loading=\"lazy\" decoding=\"async\" class=\"wp-image-3485 size-medium\" src=\"https:\/\/lisdorf.de\/wp-content\/uploads\/2019\/09\/IMG_20190925_204100-300x169.jpg\" alt=\"\" width=\"300\" height=\"169\" \/><\/a><figcaption id=\"caption-attachment-3485\" class=\"wp-caption-text\">Raphael Sch\u00e4fer, Gudrun Jungmann , Georg Jungmann und Marc Speicher.<\/figcaption><\/figure>\n","protected":false},"excerpt":{"rendered":"<p>Der Stadtverband der CDU hat an seinem Deligiertentag in der Kulturhalle Roden einen neuen Vorsitzenden gew\u00e4hlt. Georg Jungmann, der 20 Jahre den Stadtverband gef\u00fchrt hat, gab das Amt an Marc &hellip; <a href=\"https:\/\/lisdorf.de\/?p=3483\" class=\"more-link\"><span class=\"screen-reader-text\">Georg Jungmann gibt CDU Vorsitz in j\u00fcngere H\u00e4nde<\/span> weiterlesen <span class=\"meta-nav\">&rarr;<\/span><\/a><\/p>\n","protected":false},"author":1,"featured_media":0,"comment_status":"closed","ping_status":"open","sticky":false,"template":"","format":"standard","meta":{"_jetpack_memberships_contains_paid_content":false,"footnotes":""},"categories":[1],"tags":[],"class_list":["post-3483","post","type-post","status-publish","format-standard","hentry","category-allgemein"],"jetpack_featured_media_url":"","jetpack_sharing_enabled":true,"_links":{"self":[{"href":"https:\/\/lisdorf.de\/index.php?rest_route=\/wp\/v2\/posts\/3483","targetHints":{"allow":["GET"]}}],"collection":[{"href":"https:\/\/lisdorf.de\/index.php?rest_route=\/wp\/v2\/posts"}],"about":[{"href":"https:\/\/lisdorf.de\/index.php?rest_route=\/wp\/v2\/types\/post"}],"author":[{"embeddable":true,"href":"https:\/\/lisdorf.de\/index.php?rest_route=\/wp\/v2\/users\/1"}],"replies":[{"embeddable":true,"href":"https:\/\/lisdorf.de\/index.php?rest_route=%2Fwp%2Fv2%2Fcomments&post=3483"}],"version-history":[{"count":1,"href":"https:\/\/lisdorf.de\/index.php?rest_route=\/wp\/v2\/posts\/3483\/revisions"}],"predecessor-version":[{"id":3486,"href":"https:\/\/lisdorf.de\/index.php?rest_route=\/wp\/v2\/posts\/3483\/revisions\/3486"}],"wp:attachment":[{"href":"https:\/\/lisdorf.de\/index.php?rest_route=%2Fwp%2Fv2%2Fmedia&parent=3483"}],"wp:term":[{"taxonomy":"category","embeddable":true,"href":"https:\/\/lisdorf.de\/index.php?rest_route=%2Fwp%2Fv2%2Fcategories&post=3483"},{"taxonomy":"post_tag","embeddable":true,"href":"https:\/\/lisdorf.de\/index.php?rest_route=%2Fwp%2Fv2%2Ftags&post=3483"}],"curies":[{"name":"wp","href":"https:\/\/api.w.org\/{rel}","templated":true}]}}