{"id":3463,"date":"2019-09-15T12:15:44","date_gmt":"2019-09-15T10:15:44","guid":{"rendered":"http:\/\/lisdorf.de\/?p=3463"},"modified":"2019-09-15T12:20:32","modified_gmt":"2019-09-15T10:20:32","slug":"90-jahre-sv-1929","status":"publish","type":"post","link":"https:\/\/lisdorf.de\/?p=3463","title":{"rendered":"90 Jahre SV 1929"},"content":{"rendered":"<p>Viele Freunde und Vereine fanden sich am Freitag zur Gratulation auf dem Sportplatz im Rosenthal ein. Heiner Gro\u00df lobte in seiner Begr\u00fcssungsrede die hervorragende Arbeit des SV 1929. Josef G\u00f6rgen der 1. Vorsitzende des Fussballvereins bedankte sich bei seinem Team f\u00fcr die Arbeit in den vergangenen Monaten um dieses Jubil\u00e4um vorzubereiten. Er hoffe auch in den n\u00e4chsten Jahren auf die sportlichen Erfolge seines Vereins. Von allen wurde der Top Zustand des Rasenplatzes gelobt. Man hat damals auf eine Rasenplatz gesetzt und ist heute aus der Diskussion raus die man um die Kunststoffpl\u00e4tze f\u00fchrt. An diesem Abend wurden auch verdiente Mitglieder des Vereins durch den Kreisvorsitzenden Josef Kreis geehrt.<br \/>\nAm Samstag spielten die Jugend und AH Manschaften auf dem Platz um Tore und Sieg. Ein H\u00f6hepunkt war das Spiel &#8222;FCS Traditionsmannschaft\u201d gegen den \u201cCDU Landtag\u201d. Das Spiel gewannen die M\u00e4nner des FCS knapp mir 3:2. Mit Musik von Herbert Germann endete ein tolles Wochenende der Fussballer.<br \/>\nHier einige Bilder.<\/p>\n<figure id=\"attachment_3466\" aria-describedby=\"caption-attachment-3466\" style=\"width: 300px\" class=\"wp-caption alignnone\"><a href=\"https:\/\/lisdorf.de\/wp-content\/uploads\/2019\/09\/IMG_20190913_173723-e1568542237461.jpg\"><img loading=\"lazy\" decoding=\"async\" class=\"size-medium wp-image-3466\" src=\"https:\/\/lisdorf.de\/wp-content\/uploads\/2019\/09\/IMG_20190913_173723-300x169.jpg\" alt=\"\" width=\"300\" height=\"169\" \/><\/a><figcaption id=\"caption-attachment-3466\" class=\"wp-caption-text\">Heiner Gr0\u00df, Josef G\u00f6rgen und Edmund Theobald bei der Begr\u00fc\u00dfung der G\u00e4ste.<\/figcaption><\/figure>\n<figure id=\"attachment_3467\" aria-describedby=\"caption-attachment-3467\" style=\"width: 300px\" class=\"wp-caption alignnone\"><a href=\"https:\/\/lisdorf.de\/wp-content\/uploads\/2019\/09\/IMG_20190915_120353-e1568542361417.jpg\"><img loading=\"lazy\" decoding=\"async\" class=\"size-medium wp-image-3467\" src=\"https:\/\/lisdorf.de\/wp-content\/uploads\/2019\/09\/IMG_20190915_120353-300x215.jpg\" alt=\"\" width=\"300\" height=\"215\" \/><\/a><figcaption id=\"caption-attachment-3467\" class=\"wp-caption-text\">Ehrung der Mitglieder<\/figcaption><\/figure>\n<figure id=\"attachment_3469\" aria-describedby=\"caption-attachment-3469\" style=\"width: 300px\" class=\"wp-caption alignnone\"><a href=\"https:\/\/lisdorf.de\/wp-content\/uploads\/2019\/09\/IMG_20190913_203554-e1568542403887.jpg\"><img loading=\"lazy\" decoding=\"async\" class=\"size-medium wp-image-3469\" src=\"https:\/\/lisdorf.de\/wp-content\/uploads\/2019\/09\/IMG_20190913_203554-300x169.jpg\" alt=\"\" width=\"300\" height=\"169\" \/><\/a><figcaption id=\"caption-attachment-3469\" class=\"wp-caption-text\">Urkunden f\u00fcr verdiente Mitglieder<\/figcaption><\/figure>\n<figure id=\"attachment_3468\" aria-describedby=\"caption-attachment-3468\" style=\"width: 300px\" class=\"wp-caption alignnone\"><a href=\"https:\/\/lisdorf.de\/wp-content\/uploads\/2019\/09\/IMG_20190914_185852-e1568542457936.jpg\"><img loading=\"lazy\" decoding=\"async\" class=\"size-medium wp-image-3468\" src=\"https:\/\/lisdorf.de\/wp-content\/uploads\/2019\/09\/IMG_20190914_185852-300x169.jpg\" alt=\"\" width=\"300\" height=\"169\" \/><\/a><figcaption id=\"caption-attachment-3468\" class=\"wp-caption-text\">FCS Traditionsmannschaft und CDU Landtag<\/figcaption><\/figure>\n<p>&nbsp;<\/p>\n","protected":false},"excerpt":{"rendered":"<p>Viele Freunde und Vereine fanden sich am Freitag zur Gratulation auf dem Sportplatz im Rosenthal ein. Heiner Gro\u00df lobte in seiner Begr\u00fcssungsrede die hervorragende Arbeit des SV 1929. Josef G\u00f6rgen &hellip; <a href=\"https:\/\/lisdorf.de\/?p=3463\" class=\"more-link\"><span class=\"screen-reader-text\">90 Jahre SV 1929<\/span> weiterlesen <span class=\"meta-nav\">&rarr;<\/span><\/a><\/p>\n","protected":false},"author":1,"featured_media":0,"comment_status":"closed","ping_status":"open","sticky":false,"template":"","format":"standard","meta":{"_jetpack_memberships_contains_paid_content":false,"footnotes":""},"categories":[1],"tags":[],"class_list":["post-3463","post","type-post","status-publish","format-standard","hentry","category-allgemein"],"jetpack_featured_media_url":"","jetpack_sharing_enabled":true,"_links":{"self":[{"href":"https:\/\/lisdorf.de\/index.php?rest_route=\/wp\/v2\/posts\/3463","targetHints":{"allow":["GET"]}}],"collection":[{"href":"https:\/\/lisdorf.de\/index.php?rest_route=\/wp\/v2\/posts"}],"about":[{"href":"https:\/\/lisdorf.de\/index.php?rest_route=\/wp\/v2\/types\/post"}],"author":[{"embeddable":true,"href":"https:\/\/lisdorf.de\/index.php?rest_route=\/wp\/v2\/users\/1"}],"replies":[{"embeddable":true,"href":"https:\/\/lisdorf.de\/index.php?rest_route=%2Fwp%2Fv2%2Fcomments&post=3463"}],"version-history":[{"count":3,"href":"https:\/\/lisdorf.de\/index.php?rest_route=\/wp\/v2\/posts\/3463\/revisions"}],"predecessor-version":[{"id":3473,"href":"https:\/\/lisdorf.de\/index.php?rest_route=\/wp\/v2\/posts\/3463\/revisions\/3473"}],"wp:attachment":[{"href":"https:\/\/lisdorf.de\/index.php?rest_route=%2Fwp%2Fv2%2Fmedia&parent=3463"}],"wp:term":[{"taxonomy":"category","embeddable":true,"href":"https:\/\/lisdorf.de\/index.php?rest_route=%2Fwp%2Fv2%2Fcategories&post=3463"},{"taxonomy":"post_tag","embeddable":true,"href":"https:\/\/lisdorf.de\/index.php?rest_route=%2Fwp%2Fv2%2Ftags&post=3463"}],"curies":[{"name":"wp","href":"https:\/\/api.w.org\/{rel}","templated":true}]}}