{"id":3285,"date":"2019-07-17T16:03:44","date_gmt":"2019-07-17T14:03:44","guid":{"rendered":"http:\/\/lisdorf.de\/?p=3285"},"modified":"2019-07-17T21:33:02","modified_gmt":"2019-07-17T19:33:02","slug":"ankuendigung-tag-der-offenen-tuer-der-feuerwehr-lisdorf","status":"publish","type":"post","link":"https:\/\/lisdorf.de\/?p=3285","title":{"rendered":"Ank\u00fcndigung Tag der offenen T\u00fcr des L\u00f6schbezirks Lisdorf"},"content":{"rendered":"<h1>Der L\u00f6schbezirk Lisdorf l\u00e4dt ein<\/h1>\n<p><strong>Am 10. und 11. August 2019 stehen die Tore der Freiwilligen Feuerwehr Saarlouis, Lbz. Lisdorf wieder einmal f\u00fcr alle interessierten B\u00fcrgerinnen und B\u00fcrger offen.<\/strong><\/p>\n<p><strong>Komm zum Tag der offenen T\u00fcr zur Feuerwache Lisdorf, bring deine Kinder mit, habt Spa\u00df, f\u00fcr jeden ist an diesem Tag etwas dabei.<\/strong><\/p>\n<h3 style=\"text-align: center\"><span style=\"color: #008080\"><strong>Samstag, den 10.08.19 ab 18:00 Uhr<\/strong><\/span><\/h3>\n<h3 style=\"text-align: center\"><span style=\"color: #008080\"><strong>Sonntag, den 11.08.2019 <\/strong><\/span><span style=\"color: #008080\"><strong>ab 11.00 Uhr<\/strong><\/span><a href=\"https:\/\/lisdorf.de\/wp-content\/uploads\/2019\/07\/TdoTLisdorf-neu.jpg\"><img loading=\"lazy\" decoding=\"async\" class=\"aligncenter size-full wp-image-3293\" src=\"https:\/\/lisdorf.de\/wp-content\/uploads\/2019\/07\/TdoTLisdorf-neu.jpg\" alt=\"\" width=\"1131\" height=\"1600\" srcset=\"https:\/\/lisdorf.de\/wp-content\/uploads\/2019\/07\/TdoTLisdorf-neu.jpg 1131w, https:\/\/lisdorf.de\/wp-content\/uploads\/2019\/07\/TdoTLisdorf-neu-300x424.jpg 300w, https:\/\/lisdorf.de\/wp-content\/uploads\/2019\/07\/TdoTLisdorf-neu-212x300.jpg 212w, https:\/\/lisdorf.de\/wp-content\/uploads\/2019\/07\/TdoTLisdorf-neu-768x1086.jpg 768w, https:\/\/lisdorf.de\/wp-content\/uploads\/2019\/07\/TdoTLisdorf-neu-510x721.jpg 510w\" sizes=\"auto, (max-width: 1131px) 100vw, 1131px\" \/><\/a><\/h3>\n<p>Am Samstag um 18 Uhr findet die Er\u00f6ffnung des diesj\u00e4hrigen \u201eTag der offenen T\u00fcr\u201c der Freiwilligen Feuerwehr Saarlouis L\u00f6schbezirk Lisdorf statt.<\/p>\n<p>Dazu hat sich der L\u00f6schbezirk ein ganz besonderes Highlight ausgedacht\u2026 in der Zeit von 19 bis 21 Uhr findet ein <strong>\u201eGummistiefel Weitwerfen\u201c<\/strong> statt, bei dem sich jeder sportlich bet\u00e4tigen und kleine erfrischende Preise erzielen kann.<\/p>\n<p>Ab 20 Uhr erfreut uns mit ihrer Live Musik die<strong> Band Wishing Well.<\/strong><\/p>\n<p>Bei leckeren Gegrilltem, k\u00fchlen Getr\u00e4nken und erfrischenden Cocktails l\u00e4sst sich der Abend genie\u00dfen.<\/p>\n<p>Am Sonntag treten die aktiven Feuerwehrleute, in einem nicht ganz so ernst gemeinten Leistungsmarsch, gegeneinander an.<\/p>\n<p>Ab 11 Uhr findet ein Fr\u00fchschoppenkonzert mit der Spielgemeinschaft Lyra Lisdorf Picard, statt.<\/p>\n<p>Wertvolle Tipps in Sachen Brandschutz (Rauchwarnmelder) und Brandschutzerziehung gibt es dann ganzt\u00e4gig in der Bootsgarage.<\/p>\n<p>Informationen \u00fcber unsere Feuerwehr werden mittels Schautafeln gegeben, hierzu die Struktur, der Aufbau sowie die aktuelle Ausstattung und \u00dcbungs- bzw. Einsatzstatistik.<\/p>\n<p>Es k\u00f6nnen an der Feuerwache die Fahrzeuge und Boote, sowie das neue L\u00f6schfahrzeug HLF10, besichtigt werden.<\/p>\n<p>Vorstellung der einzelnen Schutzausr\u00fcstungen der Feuerwehr von leichten Technischen Hilfe bis zur speziellen Wasser\u00fcberlebensanz\u00fcgen Helly Hansen.<\/p>\n<p>Auch k\u00f6nnen Sie mittels Feuerl\u00f6scher selbst am sog. Fire Trainer offene Flammen bek\u00e4mpfen.<\/p>\n<p>Eine besondere Schau\u00fcbung rundet den ereignisreichen Tag ab.<\/p>\n<p>Auch den Kleinen wird es nat\u00fcrlich nicht langweilig werden! <strong>F\u00fcr unsere kleinen G\u00e4ste gibt es viele Dinge zu Erkunden und Bestaunen, wie Mal- und Bastelstra\u00dfe, H\u00fcpfburg, Zielschie\u00dfen und vieles mehr\u2026.\u00a0 <\/strong>Auch besucht uns das Puppentheater der Brandschutz-Erziehung der Feuerwehr Saarbr\u00fccken.<\/p>\n<p><strong>F\u00fcr das leibliche Wohl ist wie immer bestens gesorgt.<\/strong><\/p>\n<p>Auf Ihr Kommen freuen sich die Kameradinnen und Kameraden der Freiwilligen Feuerwehr Saarlouis L\u00f6schbezirk Lisdorf<\/p>\n","protected":false},"excerpt":{"rendered":"<p>Der L\u00f6schbezirk Lisdorf l\u00e4dt ein Am 10. und 11. August 2019 stehen die Tore der Freiwilligen Feuerwehr Saarlouis, Lbz. Lisdorf wieder einmal f\u00fcr alle interessierten B\u00fcrgerinnen und B\u00fcrger offen. Komm &hellip; <a href=\"https:\/\/lisdorf.de\/?p=3285\" class=\"more-link\"><span class=\"screen-reader-text\">Ank\u00fcndigung Tag der offenen T\u00fcr des L\u00f6schbezirks Lisdorf<\/span> weiterlesen <span class=\"meta-nav\">&rarr;<\/span><\/a><\/p>\n","protected":false},"author":17,"featured_media":0,"comment_status":"closed","ping_status":"open","sticky":false,"template":"","format":"standard","meta":{"_jetpack_memberships_contains_paid_content":false,"footnotes":""},"categories":[1],"tags":[],"class_list":["post-3285","post","type-post","status-publish","format-standard","hentry","category-allgemein"],"jetpack_featured_media_url":"","jetpack_sharing_enabled":true,"_links":{"self":[{"href":"https:\/\/lisdorf.de\/index.php?rest_route=\/wp\/v2\/posts\/3285","targetHints":{"allow":["GET"]}}],"collection":[{"href":"https:\/\/lisdorf.de\/index.php?rest_route=\/wp\/v2\/posts"}],"about":[{"href":"https:\/\/lisdorf.de\/index.php?rest_route=\/wp\/v2\/types\/post"}],"author":[{"embeddable":true,"href":"https:\/\/lisdorf.de\/index.php?rest_route=\/wp\/v2\/users\/17"}],"replies":[{"embeddable":true,"href":"https:\/\/lisdorf.de\/index.php?rest_route=%2Fwp%2Fv2%2Fcomments&post=3285"}],"version-history":[{"count":11,"href":"https:\/\/lisdorf.de\/index.php?rest_route=\/wp\/v2\/posts\/3285\/revisions"}],"predecessor-version":[{"id":3297,"href":"https:\/\/lisdorf.de\/index.php?rest_route=\/wp\/v2\/posts\/3285\/revisions\/3297"}],"wp:attachment":[{"href":"https:\/\/lisdorf.de\/index.php?rest_route=%2Fwp%2Fv2%2Fmedia&parent=3285"}],"wp:term":[{"taxonomy":"category","embeddable":true,"href":"https:\/\/lisdorf.de\/index.php?rest_route=%2Fwp%2Fv2%2Fcategories&post=3285"},{"taxonomy":"post_tag","embeddable":true,"href":"https:\/\/lisdorf.de\/index.php?rest_route=%2Fwp%2Fv2%2Ftags&post=3285"}],"curies":[{"name":"wp","href":"https:\/\/api.w.org\/{rel}","templated":true}]}}