{"id":3184,"date":"2019-06-26T14:44:48","date_gmt":"2019-06-26T12:44:48","guid":{"rendered":"http:\/\/lisdorf.de\/?p=3184"},"modified":"2019-06-26T14:46:58","modified_gmt":"2019-06-26T12:46:58","slug":"konzert-arena-lisdorf","status":"publish","type":"post","link":"https:\/\/lisdorf.de\/?p=3184","title":{"rendered":"Konzert-Arena Lisdorf"},"content":{"rendered":"<p>Mit \u00fcber 1400 Besuchern konnten die Veranstalter der Klingenden Kirche in einem\u00a0 vollbesetzten Kirchenvorplatz ein Konzert der Extraklasse pr\u00e4sentieren.<\/p>\n<p>Dem k\u00fcnstlerischen Leiter G\u00fcnter Donie ist es wieder gelungen, ein \u00e4u\u00dferst anspruchsvolles Programm mit hervorragenden Mitwirkenden zu erarbeiten. Zu h\u00f6ren waren Opern- und Operettenmelodien sowie Musical-, Jazz- und Filmmusik.<\/p>\n<p>Mitwirkende: Anne-Kathrin Fetik (Sopran), Tanit Heiser (Sopran), Judith Braun (Mezzosopran), Manuel Horras (Tenor), Johannes Hilt (Fagott), der Jazzchor \u201eUnited Voices\u201c unter der Leitung von Ruth und Dietmar Strau\u00df, der Chor des Robert-Schuman-Gymnasiums Saarlouis unter den Dirigenten Daniel Franke und G\u00fcnter Donie sowie das Kreisjugendsinfonieorchester des Landkreises Saarlouis unter der Leitung von G\u00fcnter Donie. Moderation Hans-Werner Strau\u00df.<\/p>\n<p><a href=\"https:\/\/lisdorf.de\/wp-content\/uploads\/2019\/06\/IMG_20190621_224223_1-e1561317536342.jpg\"><img loading=\"lazy\" decoding=\"async\" class=\"alignnone wp-image-3185 size-medium\" src=\"https:\/\/lisdorf.de\/wp-content\/uploads\/2019\/06\/IMG_20190621_224223_1-300x169.jpg\" alt=\"\" width=\"300\" height=\"169\" \/><\/a> <a href=\"https:\/\/lisdorf.de\/wp-content\/uploads\/2019\/06\/IMG_20190621_235543.jpg\"><img loading=\"lazy\" decoding=\"async\" class=\"alignnone size-medium wp-image-3186\" src=\"https:\/\/lisdorf.de\/wp-content\/uploads\/2019\/06\/IMG_20190621_235543-300x169.jpg\" alt=\"\" width=\"300\" height=\"169\" srcset=\"https:\/\/lisdorf.de\/wp-content\/uploads\/2019\/06\/IMG_20190621_235543-300x169.jpg 300w, https:\/\/lisdorf.de\/wp-content\/uploads\/2019\/06\/IMG_20190621_235543-768x432.jpg 768w, https:\/\/lisdorf.de\/wp-content\/uploads\/2019\/06\/IMG_20190621_235543-510x287.jpg 510w\" sizes=\"auto, (max-width: 300px) 100vw, 300px\" \/><\/a><\/p>\n<figure id=\"attachment_3188\" aria-describedby=\"caption-attachment-3188\" style=\"width: 300px\" class=\"wp-caption alignnone\"><a href=\"https:\/\/lisdorf.de\/wp-content\/uploads\/2019\/06\/IMG_20190622_001121.jpg\"><img loading=\"lazy\" decoding=\"async\" class=\"wp-image-3188 size-medium\" src=\"https:\/\/lisdorf.de\/wp-content\/uploads\/2019\/06\/IMG_20190622_001121-300x169.jpg\" alt=\"\" width=\"300\" height=\"169\" srcset=\"https:\/\/lisdorf.de\/wp-content\/uploads\/2019\/06\/IMG_20190622_001121-300x169.jpg 300w, https:\/\/lisdorf.de\/wp-content\/uploads\/2019\/06\/IMG_20190622_001121-768x432.jpg 768w, https:\/\/lisdorf.de\/wp-content\/uploads\/2019\/06\/IMG_20190622_001121-510x287.jpg 510w\" sizes=\"auto, (max-width: 300px) 100vw, 300px\" \/><\/a><figcaption id=\"caption-attachment-3188\" class=\"wp-caption-text\">So sieht der Kirchplatz nach dem Konzert aus.<\/figcaption><\/figure>\n","protected":false},"excerpt":{"rendered":"<p>Mit \u00fcber 1400 Besuchern konnten die Veranstalter der Klingenden Kirche in einem\u00a0 vollbesetzten Kirchenvorplatz ein Konzert der Extraklasse pr\u00e4sentieren. Dem k\u00fcnstlerischen Leiter G\u00fcnter Donie ist es wieder gelungen, ein \u00e4u\u00dferst &hellip; <a href=\"https:\/\/lisdorf.de\/?p=3184\" class=\"more-link\"><span class=\"screen-reader-text\">Konzert-Arena Lisdorf<\/span> weiterlesen <span class=\"meta-nav\">&rarr;<\/span><\/a><\/p>\n","protected":false},"author":1,"featured_media":0,"comment_status":"closed","ping_status":"open","sticky":false,"template":"","format":"standard","meta":{"_jetpack_memberships_contains_paid_content":false,"footnotes":""},"categories":[1],"tags":[],"class_list":["post-3184","post","type-post","status-publish","format-standard","hentry","category-allgemein"],"jetpack_featured_media_url":"","jetpack_sharing_enabled":true,"_links":{"self":[{"href":"https:\/\/lisdorf.de\/index.php?rest_route=\/wp\/v2\/posts\/3184","targetHints":{"allow":["GET"]}}],"collection":[{"href":"https:\/\/lisdorf.de\/index.php?rest_route=\/wp\/v2\/posts"}],"about":[{"href":"https:\/\/lisdorf.de\/index.php?rest_route=\/wp\/v2\/types\/post"}],"author":[{"embeddable":true,"href":"https:\/\/lisdorf.de\/index.php?rest_route=\/wp\/v2\/users\/1"}],"replies":[{"embeddable":true,"href":"https:\/\/lisdorf.de\/index.php?rest_route=%2Fwp%2Fv2%2Fcomments&post=3184"}],"version-history":[{"count":3,"href":"https:\/\/lisdorf.de\/index.php?rest_route=\/wp\/v2\/posts\/3184\/revisions"}],"predecessor-version":[{"id":3195,"href":"https:\/\/lisdorf.de\/index.php?rest_route=\/wp\/v2\/posts\/3184\/revisions\/3195"}],"wp:attachment":[{"href":"https:\/\/lisdorf.de\/index.php?rest_route=%2Fwp%2Fv2%2Fmedia&parent=3184"}],"wp:term":[{"taxonomy":"category","embeddable":true,"href":"https:\/\/lisdorf.de\/index.php?rest_route=%2Fwp%2Fv2%2Fcategories&post=3184"},{"taxonomy":"post_tag","embeddable":true,"href":"https:\/\/lisdorf.de\/index.php?rest_route=%2Fwp%2Fv2%2Ftags&post=3184"}],"curies":[{"name":"wp","href":"https:\/\/api.w.org\/{rel}","templated":true}]}}