{"id":3128,"date":"2019-06-08T13:18:39","date_gmt":"2019-06-08T11:18:39","guid":{"rendered":"http:\/\/lisdorf.de\/?p=3128"},"modified":"2019-06-08T14:37:59","modified_gmt":"2019-06-08T12:37:59","slug":"160-jahre-mgv","status":"publish","type":"post","link":"https:\/\/lisdorf.de\/?p=3128","title":{"rendered":"160 Jahre MGV"},"content":{"rendered":"<p>Die Lisdorfer Choirgemeinschaft feierte vergangenes Wochenende ihr 160 j\u00e4hriges Bestehen. Klaus Hilt begr\u00fcsste viele G\u00e4ste an diesem Sonntag in der Hans-Welsch Halle. Die Laudatio hielten u.a. Werner Strauss, Raphael Sch\u00e4fer und OB Peter Demmer. Die Vereine von Lisdorf gratulierten zu diesem seltenen Jubil\u00e4um.<br \/>\nIm folgenden Bild ist eine Seite aus dem Jubil\u00e4umsheft zur 1100 Jahrfeier von Lisdorf.<br \/>\n<a href=\"https:\/\/lisdorf.de\/wp-content\/uploads\/2019\/06\/MGV160-1.jpg\"><img loading=\"lazy\" decoding=\"async\" class=\"alignnone size-medium wp-image-3129\" src=\"https:\/\/lisdorf.de\/wp-content\/uploads\/2019\/06\/MGV160-1-221x300.jpg\" alt=\"\" width=\"221\" height=\"300\" srcset=\"https:\/\/lisdorf.de\/wp-content\/uploads\/2019\/06\/MGV160-1-221x300.jpg 221w, https:\/\/lisdorf.de\/wp-content\/uploads\/2019\/06\/MGV160-1-300x407.jpg 300w, https:\/\/lisdorf.de\/wp-content\/uploads\/2019\/06\/MGV160-1-768x1041.jpg 768w, https:\/\/lisdorf.de\/wp-content\/uploads\/2019\/06\/MGV160-1-510x691.jpg 510w, https:\/\/lisdorf.de\/wp-content\/uploads\/2019\/06\/MGV160-1.jpg 1254w\" sizes=\"auto, (max-width: 221px) 100vw, 221px\" \/><\/a><\/p>\n<figure id=\"attachment_3130\" aria-describedby=\"caption-attachment-3130\" style=\"width: 300px\" class=\"wp-caption alignnone\"><a href=\"https:\/\/lisdorf.de\/wp-content\/uploads\/2019\/06\/02-21-AnspracheHild-e1559992575795.jpg\"><img loading=\"lazy\" decoding=\"async\" class=\"size-medium wp-image-3130\" src=\"https:\/\/lisdorf.de\/wp-content\/uploads\/2019\/06\/02-21-AnspracheHild-300x256.jpg\" alt=\"\" width=\"300\" height=\"256\" \/><\/a><figcaption id=\"caption-attachment-3130\" class=\"wp-caption-text\">!. Vorsitzende Klaus Hilt<\/figcaption><\/figure>\n<figure id=\"attachment_3131\" aria-describedby=\"caption-attachment-3131\" style=\"width: 300px\" class=\"wp-caption alignnone\"><a href=\"https:\/\/lisdorf.de\/wp-content\/uploads\/2019\/06\/09-12-Schlusschor-e1559992630294.jpg\"><img loading=\"lazy\" decoding=\"async\" class=\"wp-image-3131 size-medium\" src=\"https:\/\/lisdorf.de\/wp-content\/uploads\/2019\/06\/09-12-Schlusschor-300x170.jpg\" alt=\"\" width=\"300\" height=\"170\" \/><\/a><figcaption id=\"caption-attachment-3131\" class=\"wp-caption-text\">Schlusschor<\/figcaption><\/figure>\n","protected":false},"excerpt":{"rendered":"<p>Die Lisdorfer Choirgemeinschaft feierte vergangenes Wochenende ihr 160 j\u00e4hriges Bestehen. Klaus Hilt begr\u00fcsste viele G\u00e4ste an diesem Sonntag in der Hans-Welsch Halle. Die Laudatio hielten u.a. Werner Strauss, Raphael Sch\u00e4fer &hellip; <a href=\"https:\/\/lisdorf.de\/?p=3128\" class=\"more-link\"><span class=\"screen-reader-text\">160 Jahre MGV<\/span> weiterlesen <span class=\"meta-nav\">&rarr;<\/span><\/a><\/p>\n","protected":false},"author":1,"featured_media":0,"comment_status":"closed","ping_status":"open","sticky":false,"template":"","format":"standard","meta":{"_jetpack_memberships_contains_paid_content":false,"footnotes":""},"categories":[1],"tags":[],"class_list":["post-3128","post","type-post","status-publish","format-standard","hentry","category-allgemein"],"jetpack_featured_media_url":"","jetpack_sharing_enabled":true,"_links":{"self":[{"href":"https:\/\/lisdorf.de\/index.php?rest_route=\/wp\/v2\/posts\/3128","targetHints":{"allow":["GET"]}}],"collection":[{"href":"https:\/\/lisdorf.de\/index.php?rest_route=\/wp\/v2\/posts"}],"about":[{"href":"https:\/\/lisdorf.de\/index.php?rest_route=\/wp\/v2\/types\/post"}],"author":[{"embeddable":true,"href":"https:\/\/lisdorf.de\/index.php?rest_route=\/wp\/v2\/users\/1"}],"replies":[{"embeddable":true,"href":"https:\/\/lisdorf.de\/index.php?rest_route=%2Fwp%2Fv2%2Fcomments&post=3128"}],"version-history":[{"count":3,"href":"https:\/\/lisdorf.de\/index.php?rest_route=\/wp\/v2\/posts\/3128\/revisions"}],"predecessor-version":[{"id":3144,"href":"https:\/\/lisdorf.de\/index.php?rest_route=\/wp\/v2\/posts\/3128\/revisions\/3144"}],"wp:attachment":[{"href":"https:\/\/lisdorf.de\/index.php?rest_route=%2Fwp%2Fv2%2Fmedia&parent=3128"}],"wp:term":[{"taxonomy":"category","embeddable":true,"href":"https:\/\/lisdorf.de\/index.php?rest_route=%2Fwp%2Fv2%2Fcategories&post=3128"},{"taxonomy":"post_tag","embeddable":true,"href":"https:\/\/lisdorf.de\/index.php?rest_route=%2Fwp%2Fv2%2Ftags&post=3128"}],"curies":[{"name":"wp","href":"https:\/\/api.w.org\/{rel}","templated":true}]}}