{"id":3119,"date":"2019-06-08T11:01:59","date_gmt":"2019-06-08T09:01:59","guid":{"rendered":"http:\/\/lisdorf.de\/?p=3119"},"modified":"2019-06-08T14:38:52","modified_gmt":"2019-06-08T12:38:52","slug":"geisterstunde","status":"publish","type":"post","link":"https:\/\/lisdorf.de\/?p=3119","title":{"rendered":"Geisterstunde"},"content":{"rendered":"<p><span style=\"font-size: 18pt;\">Geisterstunde auf Schloss Eulenstein<\/span><\/p>\n<p>Ein Projekt der besonderen Art begeisterte die Zuschauer in der Hand Welsch Halle. Die Grusical-AG der Grundschule Lisdorf f\u00fchrte unter der Leitung von Julia Waschbusch und der musikalischen Leitung von Armin Lamar an zwei Tagen ein Musical auf. Die voll besetzte\u00a0 Halle war begeistert von den jungen Talenten auf der B\u00fchne. Das B\u00fchnenbild wurde von Bernd Hawner gestaltet. Die Schirmherrschaft und die Unterst\u00fctzung f\u00fcr diese tolle Auff\u00fchrung hatte der F\u00f6rderverein der GS Lisdorf e.V..<\/p>\n<p><a href=\"https:\/\/lisdorf.de\/wp-content\/uploads\/2019\/06\/IMG_20190606_190001_1-e1559984505169.jpg\"><img loading=\"lazy\" decoding=\"async\" class=\"alignnone size-medium wp-image-3120\" src=\"https:\/\/lisdorf.de\/wp-content\/uploads\/2019\/06\/IMG_20190606_190001_1-300x169.jpg\" alt=\"\" width=\"300\" height=\"169\" \/><\/a><\/p>\n<p><a href=\"https:\/\/lisdorf.de\/wp-content\/uploads\/2019\/06\/IMG_20190606_180809-e1559984743239.jpg\"><img loading=\"lazy\" decoding=\"async\" class=\"alignnone size-medium wp-image-3123\" src=\"https:\/\/lisdorf.de\/wp-content\/uploads\/2019\/06\/IMG_20190606_180809-300x169.jpg\" alt=\"\" width=\"300\" height=\"169\" \/><\/a><\/p>\n<p><a href=\"https:\/\/lisdorf.de\/wp-content\/uploads\/2019\/06\/IMG_20190606_184816_1-e1559985602451.jpg\"><img loading=\"lazy\" decoding=\"async\" class=\"alignnone size-medium wp-image-3126\" src=\"https:\/\/lisdorf.de\/wp-content\/uploads\/2019\/06\/IMG_20190606_184816_1-300x169.jpg\" alt=\"\" width=\"300\" height=\"169\" \/><\/a><\/p>\n","protected":false},"excerpt":{"rendered":"<p>Geisterstunde auf Schloss Eulenstein Ein Projekt der besonderen Art begeisterte die Zuschauer in der Hand Welsch Halle. Die Grusical-AG der Grundschule Lisdorf f\u00fchrte unter der Leitung von Julia Waschbusch und &hellip; <a href=\"https:\/\/lisdorf.de\/?p=3119\" class=\"more-link\"><span class=\"screen-reader-text\">Geisterstunde<\/span> weiterlesen <span class=\"meta-nav\">&rarr;<\/span><\/a><\/p>\n","protected":false},"author":1,"featured_media":0,"comment_status":"closed","ping_status":"open","sticky":false,"template":"","format":"standard","meta":{"_jetpack_memberships_contains_paid_content":false,"footnotes":""},"categories":[1],"tags":[],"class_list":["post-3119","post","type-post","status-publish","format-standard","hentry","category-allgemein"],"jetpack_featured_media_url":"","jetpack_sharing_enabled":true,"_links":{"self":[{"href":"https:\/\/lisdorf.de\/index.php?rest_route=\/wp\/v2\/posts\/3119","targetHints":{"allow":["GET"]}}],"collection":[{"href":"https:\/\/lisdorf.de\/index.php?rest_route=\/wp\/v2\/posts"}],"about":[{"href":"https:\/\/lisdorf.de\/index.php?rest_route=\/wp\/v2\/types\/post"}],"author":[{"embeddable":true,"href":"https:\/\/lisdorf.de\/index.php?rest_route=\/wp\/v2\/users\/1"}],"replies":[{"embeddable":true,"href":"https:\/\/lisdorf.de\/index.php?rest_route=%2Fwp%2Fv2%2Fcomments&post=3119"}],"version-history":[{"count":5,"href":"https:\/\/lisdorf.de\/index.php?rest_route=\/wp\/v2\/posts\/3119\/revisions"}],"predecessor-version":[{"id":3145,"href":"https:\/\/lisdorf.de\/index.php?rest_route=\/wp\/v2\/posts\/3119\/revisions\/3145"}],"wp:attachment":[{"href":"https:\/\/lisdorf.de\/index.php?rest_route=%2Fwp%2Fv2%2Fmedia&parent=3119"}],"wp:term":[{"taxonomy":"category","embeddable":true,"href":"https:\/\/lisdorf.de\/index.php?rest_route=%2Fwp%2Fv2%2Fcategories&post=3119"},{"taxonomy":"post_tag","embeddable":true,"href":"https:\/\/lisdorf.de\/index.php?rest_route=%2Fwp%2Fv2%2Ftags&post=3119"}],"curies":[{"name":"wp","href":"https:\/\/api.w.org\/{rel}","templated":true}]}}