{"id":2993,"date":"2019-05-14T00:17:40","date_gmt":"2019-05-13T22:17:40","guid":{"rendered":"http:\/\/lisdorf.de\/?p=2993"},"modified":"2019-05-14T00:18:01","modified_gmt":"2019-05-13T22:18:01","slug":"open-air-2019","status":"publish","type":"post","link":"https:\/\/lisdorf.de\/?p=2993","title":{"rendered":"Open Air 2019"},"content":{"rendered":"<p>Das Open Air Konzert in Lisdorf am 21. Juni wird wieder ein Highlight der Musik in Saarlouis.<\/p>\n<p><strong> Lisdorfer Open-Air-Konzert<br \/>\nmit rund 250 Mitwirkenden in der Konzertarena<br \/>\nan der Lisdorfer Kirche<br \/>\n<a href=\"https:\/\/lisdorf.de\/wp-content\/uploads\/2019\/05\/OpenAir2019.jpg\"><img loading=\"lazy\" decoding=\"async\" class=\"alignnone size-medium wp-image-2994\" src=\"https:\/\/lisdorf.de\/wp-content\/uploads\/2019\/05\/OpenAir2019-300x190.jpg\" alt=\"\" width=\"300\" height=\"190\" srcset=\"https:\/\/lisdorf.de\/wp-content\/uploads\/2019\/05\/OpenAir2019-300x190.jpg 300w, https:\/\/lisdorf.de\/wp-content\/uploads\/2019\/05\/OpenAir2019-768x486.jpg 768w, https:\/\/lisdorf.de\/wp-content\/uploads\/2019\/05\/OpenAir2019-510x323.jpg 510w, https:\/\/lisdorf.de\/wp-content\/uploads\/2019\/05\/OpenAir2019.jpg 826w\" sizes=\"auto, (max-width: 300px) 100vw, 300px\" \/><\/a><br \/>\n<\/strong><\/p>\n<p>Die traumhafte Atmosph\u00e4re der eigens zwischen Kirche, Pfarrheim und Kindergarten aufgebauten Konzertarena mit 1400 Besucherpl\u00e4tzen und ein bunter Strau\u00df zauberhafter Melodien, dargeboten von rund 250 Musikerinnen und Musikern, S\u00e4ngerinnen und S\u00e4ngern, \u00fcberwiegend aus dem Landkreis Saarlouis \u2013 das ist das Markenzeichen des \u201eLisdorfer Open-Air-Konzertes\u201c, das am Freitag, 21. Juni 2019, 20.30 Uhr, eine Neuauflage erf\u00e4hrt.<\/p>\n<p>Mitwirkende sind Anne Kathrin Fetik (Sopran), Judith Braun (Alt), Manuel Horras (Tenor), der Jazzchor United Voices unter der Leitung von Ruth und Dietmar Strau\u00df, der Chor des Robert-Schuman-Gymnasiums Saarlouis sowie das Kreisjugendsinfonieorchester des Landkreises Saarlouis unter der bew\u00e4hrten Dirigentschaft von G\u00fcner Donie. Aus dem Kreis der jugendlichen Mitwirkenden werden ebenfalls Tanit Heiser (Sopran) und Johannes Hilt (Fagott) ihr musikalischen K\u00f6nnen unter Beweis stellen.<\/p>\n<p>\u201eDas wird wiederum ein Highlight der Extraklasse\u201c, freuen sich die Organisatoren des F\u00f6rdervereins \u201eKlingende Kirche\u201c Lisdorf, des Stadtverbandes der kulturellen Vereine Saarlouis, der Kreisstadt Saarlouis und der Kreismusikschule Saarlouis.<\/p>\n<p>Dem musikalischen Leiter G\u00fcnter Donie ist es wiederum gelungen, ein \u00e4u\u00dferst anspruchsvolles Programm mit hervorragenden Mitwirkenden zu erarbeiten. Auf dem Programm, das von Hans-Werner Strau\u00df moderiert wird, stehen Opern- und Operettenmelodien sowie Musical-, Jazz- und Filmmusik. Die Veranstaltung findet auch bei regnerischem Wetter statt. Den Besuchern werden dann kostenlos Regencapes zur Verf\u00fcgung gestellt.<\/p>\n<p>Eintrittskarten gibt es im Vorverkauf f\u00fcr 18 \u20ac (Jugendliche 9 \u20ac)<\/p>\n","protected":false},"excerpt":{"rendered":"<p>Das Open Air Konzert in Lisdorf am 21. Juni wird wieder ein Highlight der Musik in Saarlouis. Lisdorfer Open-Air-Konzert mit rund 250 Mitwirkenden in der Konzertarena an der Lisdorfer Kirche &hellip; <a href=\"https:\/\/lisdorf.de\/?p=2993\" class=\"more-link\"><span class=\"screen-reader-text\">Open Air 2019<\/span> weiterlesen <span class=\"meta-nav\">&rarr;<\/span><\/a><\/p>\n","protected":false},"author":1,"featured_media":0,"comment_status":"closed","ping_status":"open","sticky":false,"template":"","format":"standard","meta":{"_jetpack_memberships_contains_paid_content":false,"footnotes":""},"categories":[1],"tags":[],"class_list":["post-2993","post","type-post","status-publish","format-standard","hentry","category-allgemein"],"jetpack_featured_media_url":"","jetpack_sharing_enabled":true,"_links":{"self":[{"href":"https:\/\/lisdorf.de\/index.php?rest_route=\/wp\/v2\/posts\/2993","targetHints":{"allow":["GET"]}}],"collection":[{"href":"https:\/\/lisdorf.de\/index.php?rest_route=\/wp\/v2\/posts"}],"about":[{"href":"https:\/\/lisdorf.de\/index.php?rest_route=\/wp\/v2\/types\/post"}],"author":[{"embeddable":true,"href":"https:\/\/lisdorf.de\/index.php?rest_route=\/wp\/v2\/users\/1"}],"replies":[{"embeddable":true,"href":"https:\/\/lisdorf.de\/index.php?rest_route=%2Fwp%2Fv2%2Fcomments&post=2993"}],"version-history":[{"count":2,"href":"https:\/\/lisdorf.de\/index.php?rest_route=\/wp\/v2\/posts\/2993\/revisions"}],"predecessor-version":[{"id":2996,"href":"https:\/\/lisdorf.de\/index.php?rest_route=\/wp\/v2\/posts\/2993\/revisions\/2996"}],"wp:attachment":[{"href":"https:\/\/lisdorf.de\/index.php?rest_route=%2Fwp%2Fv2%2Fmedia&parent=2993"}],"wp:term":[{"taxonomy":"category","embeddable":true,"href":"https:\/\/lisdorf.de\/index.php?rest_route=%2Fwp%2Fv2%2Fcategories&post=2993"},{"taxonomy":"post_tag","embeddable":true,"href":"https:\/\/lisdorf.de\/index.php?rest_route=%2Fwp%2Fv2%2Ftags&post=2993"}],"curies":[{"name":"wp","href":"https:\/\/api.w.org\/{rel}","templated":true}]}}