{"id":2952,"date":"2019-05-09T17:25:20","date_gmt":"2019-05-09T15:25:20","guid":{"rendered":"http:\/\/lisdorf.de\/?p=2952"},"modified":"2019-05-10T23:27:29","modified_gmt":"2019-05-10T21:27:29","slug":"zwei-lisdorfer-auf-dem-jakobsweg","status":"publish","type":"post","link":"https:\/\/lisdorf.de\/?p=2952","title":{"rendered":"Zwei Lisdorfer auf dem Jakobsweg"},"content":{"rendered":"<p>Am 25. April starteten Lothar Hirtz und unser Gesch\u00e4ftsf\u00fchrer von &#8222;Lisdorf &#8230; alles im gr\u00fcnen Bereich&#8220; J\u00fcrgen Jacob ihre Pilgerreise nach <a href=\"https:\/\/de.wikipedia.org\/wiki\/Santiago_de_Compostela\"><span style=\"font-size: 12pt;\">Santiago de Compostela. \u00a0<\/span><\/a><br \/>\nMit dem Flugzeug ging es nach Biarritz und von dort nach Saint-Jean-Pied-de Port. Dort ging dann ab dem 26. April der Fussmarsch Richtung Santiago de Compostela. <a href=\"https:\/\/lisdorf.de\/?page_id=2965\">Hier gibt es mehr.<\/a><\/p>\n<figure id=\"attachment_2954\" aria-describedby=\"caption-attachment-2954\" style=\"width: 300px\" class=\"wp-caption alignnone\"><a href=\"https:\/\/lisdorf.de\/wp-content\/uploads\/2019\/05\/Bild-5.jpg\"><img loading=\"lazy\" decoding=\"async\" class=\"size-medium wp-image-2954\" src=\"https:\/\/lisdorf.de\/wp-content\/uploads\/2019\/05\/Bild-5-300x265.jpg\" alt=\"\" width=\"300\" height=\"265\" srcset=\"https:\/\/lisdorf.de\/wp-content\/uploads\/2019\/05\/Bild-5-300x265.jpg 300w, https:\/\/lisdorf.de\/wp-content\/uploads\/2019\/05\/Bild-5-768x678.jpg 768w, https:\/\/lisdorf.de\/wp-content\/uploads\/2019\/05\/Bild-5-510x450.jpg 510w, https:\/\/lisdorf.de\/wp-content\/uploads\/2019\/05\/Bild-5.jpg 895w\" sizes=\"auto, (max-width: 300px) 100vw, 300px\" \/><\/a><figcaption id=\"caption-attachment-2954\" class=\"wp-caption-text\">Lothar Hirtz und J\u00fcrgen Jacob<\/figcaption><\/figure>\n<p><a href=\"https:\/\/lisdorf.de\/wp-content\/uploads\/2019\/05\/Pilgerweg-von-Lothar-und-J\u00fcrgen.png\"><img loading=\"lazy\" decoding=\"async\" class=\"alignnone size-medium wp-image-2957\" src=\"https:\/\/lisdorf.de\/wp-content\/uploads\/2019\/05\/Pilgerweg-von-Lothar-und-J\u00fcrgen-300x206.png\" alt=\"\" width=\"300\" height=\"206\" srcset=\"https:\/\/lisdorf.de\/wp-content\/uploads\/2019\/05\/Pilgerweg-von-Lothar-und-J\u00fcrgen-300x206.png 300w, https:\/\/lisdorf.de\/wp-content\/uploads\/2019\/05\/Pilgerweg-von-Lothar-und-J\u00fcrgen-768x527.png 768w, https:\/\/lisdorf.de\/wp-content\/uploads\/2019\/05\/Pilgerweg-von-Lothar-und-J\u00fcrgen-510x350.png 510w, https:\/\/lisdorf.de\/wp-content\/uploads\/2019\/05\/Pilgerweg-von-Lothar-und-J\u00fcrgen.png 803w\" sizes=\"auto, (max-width: 300px) 100vw, 300px\" \/><\/a><\/p>\n","protected":false},"excerpt":{"rendered":"<p>Am 25. April starteten Lothar Hirtz und unser Gesch\u00e4ftsf\u00fchrer von &#8222;Lisdorf &#8230; alles im gr\u00fcnen Bereich&#8220; J\u00fcrgen Jacob ihre Pilgerreise nach Santiago de Compostela. \u00a0 Mit dem Flugzeug ging es &hellip; <a href=\"https:\/\/lisdorf.de\/?p=2952\" class=\"more-link\"><span class=\"screen-reader-text\">Zwei Lisdorfer auf dem Jakobsweg<\/span> weiterlesen <span class=\"meta-nav\">&rarr;<\/span><\/a><\/p>\n","protected":false},"author":1,"featured_media":0,"comment_status":"closed","ping_status":"open","sticky":false,"template":"","format":"standard","meta":{"_jetpack_memberships_contains_paid_content":false,"footnotes":""},"categories":[1],"tags":[],"class_list":["post-2952","post","type-post","status-publish","format-standard","hentry","category-allgemein"],"jetpack_featured_media_url":"","jetpack_sharing_enabled":true,"_links":{"self":[{"href":"https:\/\/lisdorf.de\/index.php?rest_route=\/wp\/v2\/posts\/2952","targetHints":{"allow":["GET"]}}],"collection":[{"href":"https:\/\/lisdorf.de\/index.php?rest_route=\/wp\/v2\/posts"}],"about":[{"href":"https:\/\/lisdorf.de\/index.php?rest_route=\/wp\/v2\/types\/post"}],"author":[{"embeddable":true,"href":"https:\/\/lisdorf.de\/index.php?rest_route=\/wp\/v2\/users\/1"}],"replies":[{"embeddable":true,"href":"https:\/\/lisdorf.de\/index.php?rest_route=%2Fwp%2Fv2%2Fcomments&post=2952"}],"version-history":[{"count":6,"href":"https:\/\/lisdorf.de\/index.php?rest_route=\/wp\/v2\/posts\/2952\/revisions"}],"predecessor-version":[{"id":2956,"href":"https:\/\/lisdorf.de\/index.php?rest_route=\/wp\/v2\/posts\/2952\/revisions\/2956"}],"wp:attachment":[{"href":"https:\/\/lisdorf.de\/index.php?rest_route=%2Fwp%2Fv2%2Fmedia&parent=2952"}],"wp:term":[{"taxonomy":"category","embeddable":true,"href":"https:\/\/lisdorf.de\/index.php?rest_route=%2Fwp%2Fv2%2Fcategories&post=2952"},{"taxonomy":"post_tag","embeddable":true,"href":"https:\/\/lisdorf.de\/index.php?rest_route=%2Fwp%2Fv2%2Ftags&post=2952"}],"curies":[{"name":"wp","href":"https:\/\/api.w.org\/{rel}","templated":true}]}}