{"id":2927,"date":"2019-05-02T10:32:58","date_gmt":"2019-05-02T08:32:58","guid":{"rendered":"http:\/\/lisdorf.de\/?p=2927"},"modified":"2019-05-02T11:42:39","modified_gmt":"2019-05-02T09:42:39","slug":"traditionelles-maibaumsetzen-der-feuerwehr-lisdorf","status":"publish","type":"post","link":"https:\/\/lisdorf.de\/?p=2927","title":{"rendered":"Traditionelles Maibaumsetzen der Feuerwehr Lisdorf"},"content":{"rendered":"<p style=\"text-align: left\">Auch in diesem Jahr lud der F\u00f6rderverein des L\u00f6schbezirkes Lisdorf, der Freiwilligen Feuerwehr Saarlouis, zum traditionellen Maibaumsetzen im Stadtteil Lisdorf ein.<\/p>\n<p style=\"text-align: left\">Der Maibaum wurde, von der im letzten Jahr gegr\u00fcndeten Kinderfeuerwehr mit Unterst\u00fctzung Jugendwehr des L\u00f6schbezirks Lisdorf, festlich geschm\u00fcckt.<\/p>\n<p style=\"text-align: left\">Bei Sonnenschein und fr\u00fchlingshaften Temperaturen, er\u00f6ffnete L\u00f6schbezirksf\u00fchrer Albert Bernard nach der Begr\u00fc\u00dfung der zahlreichen G\u00e4ste, mit einer festlichen Ansprache, das Maibaumsetzen. Unter den Ehreng\u00e4sten befanden sich auch Kameraden der Feuerwehr Eisenh\u00fcttenstadt, sowie der Feuerwehr R\u00f6denthal, L\u00f6schbezirk Unterwultzbach die es sich nicht nehmen lie\u00dfen, trotz der doch sehr weiten Anreise, die Lisdorfer Wehr zu unterst\u00fctzen.<\/p>\n<p style=\"text-align: left\">Das Aufrichten des Maibaumes wurde durch die Gru\u00dfworte des diesj\u00e4hrigen Festredners und Ehrenwehrf\u00fchrers Wolfgang Herrmann begleitet. Dieser griff in seiner feierlichen Rede die besondere Symbolik dieser Tradition auf:<\/p>\n<p style=\"text-align: left\">\u201eDas Maibaumsetzen hat insbesondere im S\u00fcden Deutschlands eine lange Tradition. Sie reicht zum Teil bis in vorchristliche Zeit bis zu den alten Germanen zur\u00fcck.<\/p>\n<p style=\"text-align: left\">Allerdings bot mir das Internet eine Vielzahl v\u00f6llig unterschiedlicher Traditionen und Br\u00e4uche an. Selbst professionelle Volkskundler konnten eigentlich nicht so genau und verbindlich beschreiben, woher dieser Maibaum tats\u00e4chlich kommt.<\/p>\n<p style=\"text-align: left\">Deshalb habe ich mir f\u00fcr diesen Lisdorfer Maibaum die folgende Tradition als die geeignete gedacht: Die Feuerwehr Lisdorf richtet diesen Maibaum traditionell als Einleitung zu einem fr\u00f6hlichen Maifest auf. \u00dcbrigens fand ich in einer der Traditionsbeschreibungen die Aussage, dass der Baum stets von der \u00f6rtlichen Feuerwehr aufgerichtet wird. Und da liegen wir also richtig mit unserer Kurzdefinition.\u201c<\/p>\n<p style=\"text-align: left\">Des Weiteren ging Herr Hermann in seiner Rede auf das bevorstehende 200j\u00e4hrige Jubil\u00e4um der Feuerwehr Lisdorf ein.<\/p>\n<p style=\"text-align: left\"><a href=\"https:\/\/lisdorf.de\/wp-content\/uploads\/2019\/05\/Ansprache-Maibaum-2019.pdf\">Rede von Ehrenwehrf\u00fchrer Wolfgang Herrmann<\/a><\/p>\n<p style=\"text-align: left\">Die musikalische Umrahmung erfolgte durch den Spiel-und Fanfarenzug Saarlouis-Neuforweiler und dem M\u00e4nnergesangsverein Lisdorf .<\/p>\n<p style=\"text-align: left\">Auch f\u00fcr das leibliche Wohl sorgte der F\u00f6rderverein des L\u00f6schbezirks Lisdorf, w\u00e4hrend der gesamten Veranstaltung. Unterst\u00fctzt wurde dieser durch die vielen ehrenamtlichen Helfer der Lisdorfer Feuerwehr.<\/p>\n<p style=\"text-align: left\">Nach dem Ende des offiziellen Teils wurde noch einige Stunden ordentlich in den Mai gefeiert.<\/p>\n<div id='gallery-1' class='gallery galleryid-2927 gallery-columns-3 gallery-size-thumbnail'><figure class='gallery-item'>\n\t\t\t<div class='gallery-icon landscape'>\n\t\t\t\t<a href='https:\/\/lisdorf.de\/?attachment_id=2920'><img loading=\"lazy\" decoding=\"async\" width=\"150\" height=\"150\" src=\"https:\/\/lisdorf.de\/wp-content\/uploads\/2019\/05\/IMG_2218-150x150.jpg\" class=\"attachment-thumbnail size-thumbnail\" alt=\"\" aria-describedby=\"gallery-1-2920\" srcset=\"https:\/\/lisdorf.de\/wp-content\/uploads\/2019\/05\/IMG_2218-150x150.jpg 150w, https:\/\/lisdorf.de\/wp-content\/uploads\/2019\/05\/IMG_2218-100x100.jpg 100w\" sizes=\"auto, (max-width: 150px) 100vw, 150px\" \/><\/a>\n\t\t\t<\/div>\n\t\t\t\t<figcaption class='wp-caption-text gallery-caption' id='gallery-1-2920'>\n\t\t\t\tG\u00e4ste\n\t\t\t\t<\/figcaption><\/figure><figure class='gallery-item'>\n\t\t\t<div class='gallery-icon landscape'>\n\t\t\t\t<a href='https:\/\/lisdorf.de\/?attachment_id=2921'><img loading=\"lazy\" decoding=\"async\" width=\"150\" height=\"150\" src=\"https:\/\/lisdorf.de\/wp-content\/uploads\/2019\/05\/IMG_2220-150x150.jpg\" class=\"attachment-thumbnail size-thumbnail\" alt=\"\" aria-describedby=\"gallery-1-2921\" srcset=\"https:\/\/lisdorf.de\/wp-content\/uploads\/2019\/05\/IMG_2220-150x150.jpg 150w, https:\/\/lisdorf.de\/wp-content\/uploads\/2019\/05\/IMG_2220-100x100.jpg 100w\" sizes=\"auto, (max-width: 150px) 100vw, 150px\" \/><\/a>\n\t\t\t<\/div>\n\t\t\t\t<figcaption class='wp-caption-text gallery-caption' id='gallery-1-2921'>\n\t\t\t\tG\u00e4ste\n\t\t\t\t<\/figcaption><\/figure><figure class='gallery-item'>\n\t\t\t<div class='gallery-icon landscape'>\n\t\t\t\t<a href='https:\/\/lisdorf.de\/?attachment_id=2922'><img loading=\"lazy\" decoding=\"async\" width=\"150\" height=\"150\" src=\"https:\/\/lisdorf.de\/wp-content\/uploads\/2019\/05\/IMG_2226-150x150.jpg\" class=\"attachment-thumbnail size-thumbnail\" alt=\"\" aria-describedby=\"gallery-1-2922\" srcset=\"https:\/\/lisdorf.de\/wp-content\/uploads\/2019\/05\/IMG_2226-150x150.jpg 150w, https:\/\/lisdorf.de\/wp-content\/uploads\/2019\/05\/IMG_2226-100x100.jpg 100w\" sizes=\"auto, (max-width: 150px) 100vw, 150px\" \/><\/a>\n\t\t\t<\/div>\n\t\t\t\t<figcaption class='wp-caption-text gallery-caption' id='gallery-1-2922'>\n\t\t\t\tFestrede\n\t\t\t\t<\/figcaption><\/figure><figure class='gallery-item'>\n\t\t\t<div class='gallery-icon landscape'>\n\t\t\t\t<a href='https:\/\/lisdorf.de\/?attachment_id=2923'><img loading=\"lazy\" decoding=\"async\" width=\"150\" height=\"150\" src=\"https:\/\/lisdorf.de\/wp-content\/uploads\/2019\/05\/IMG_2250-150x150.jpg\" class=\"attachment-thumbnail size-thumbnail\" alt=\"\" aria-describedby=\"gallery-1-2923\" srcset=\"https:\/\/lisdorf.de\/wp-content\/uploads\/2019\/05\/IMG_2250-150x150.jpg 150w, https:\/\/lisdorf.de\/wp-content\/uploads\/2019\/05\/IMG_2250-100x100.jpg 100w\" sizes=\"auto, (max-width: 150px) 100vw, 150px\" \/><\/a>\n\t\t\t<\/div>\n\t\t\t\t<figcaption class='wp-caption-text gallery-caption' id='gallery-1-2923'>\n\t\t\t\tFeuerwehr\n\t\t\t\t<\/figcaption><\/figure><figure class='gallery-item'>\n\t\t\t<div class='gallery-icon landscape'>\n\t\t\t\t<a href='https:\/\/lisdorf.de\/?attachment_id=2925'><img loading=\"lazy\" decoding=\"async\" width=\"150\" height=\"150\" src=\"https:\/\/lisdorf.de\/wp-content\/uploads\/2019\/05\/IMG_2255-150x150.jpg\" class=\"attachment-thumbnail size-thumbnail\" alt=\"\" aria-describedby=\"gallery-1-2925\" srcset=\"https:\/\/lisdorf.de\/wp-content\/uploads\/2019\/05\/IMG_2255-150x150.jpg 150w, https:\/\/lisdorf.de\/wp-content\/uploads\/2019\/05\/IMG_2255-100x100.jpg 100w\" sizes=\"auto, (max-width: 150px) 100vw, 150px\" \/><\/a>\n\t\t\t<\/div>\n\t\t\t\t<figcaption class='wp-caption-text gallery-caption' id='gallery-1-2925'>\n\t\t\t\tHochziehen des Maibaumes\n\t\t\t\t<\/figcaption><\/figure><figure class='gallery-item'>\n\t\t\t<div class='gallery-icon landscape'>\n\t\t\t\t<a href='https:\/\/lisdorf.de\/?attachment_id=2924'><img loading=\"lazy\" decoding=\"async\" width=\"150\" height=\"150\" src=\"https:\/\/lisdorf.de\/wp-content\/uploads\/2019\/05\/IMG_2265-150x150.jpg\" class=\"attachment-thumbnail size-thumbnail\" alt=\"\" aria-describedby=\"gallery-1-2924\" srcset=\"https:\/\/lisdorf.de\/wp-content\/uploads\/2019\/05\/IMG_2265-150x150.jpg 150w, https:\/\/lisdorf.de\/wp-content\/uploads\/2019\/05\/IMG_2265-100x100.jpg 100w\" sizes=\"auto, (max-width: 150px) 100vw, 150px\" \/><\/a>\n\t\t\t<\/div>\n\t\t\t\t<figcaption class='wp-caption-text gallery-caption' id='gallery-1-2924'>\n\t\t\t\tMaibaum\n\t\t\t\t<\/figcaption><\/figure>\n\t\t<\/div>\n\n<p>&nbsp;<\/p>\n","protected":false},"excerpt":{"rendered":"<p>Auch in diesem Jahr lud der F\u00f6rderverein des L\u00f6schbezirkes Lisdorf, der Freiwilligen Feuerwehr Saarlouis, zum traditionellen Maibaumsetzen im Stadtteil Lisdorf ein. Der Maibaum wurde, von der im letzten Jahr gegr\u00fcndeten &hellip; <a href=\"https:\/\/lisdorf.de\/?p=2927\" class=\"more-link\"><span class=\"screen-reader-text\">Traditionelles Maibaumsetzen der Feuerwehr Lisdorf<\/span> weiterlesen <span class=\"meta-nav\">&rarr;<\/span><\/a><\/p>\n","protected":false},"author":17,"featured_media":0,"comment_status":"closed","ping_status":"open","sticky":false,"template":"","format":"gallery","meta":{"_jetpack_memberships_contains_paid_content":false,"footnotes":""},"categories":[1],"tags":[],"class_list":["post-2927","post","type-post","status-publish","format-gallery","hentry","category-allgemein","post_format-post-format-gallery"],"jetpack_featured_media_url":"","jetpack_sharing_enabled":true,"_links":{"self":[{"href":"https:\/\/lisdorf.de\/index.php?rest_route=\/wp\/v2\/posts\/2927","targetHints":{"allow":["GET"]}}],"collection":[{"href":"https:\/\/lisdorf.de\/index.php?rest_route=\/wp\/v2\/posts"}],"about":[{"href":"https:\/\/lisdorf.de\/index.php?rest_route=\/wp\/v2\/types\/post"}],"author":[{"embeddable":true,"href":"https:\/\/lisdorf.de\/index.php?rest_route=\/wp\/v2\/users\/17"}],"replies":[{"embeddable":true,"href":"https:\/\/lisdorf.de\/index.php?rest_route=%2Fwp%2Fv2%2Fcomments&post=2927"}],"version-history":[{"count":7,"href":"https:\/\/lisdorf.de\/index.php?rest_route=\/wp\/v2\/posts\/2927\/revisions"}],"predecessor-version":[{"id":2934,"href":"https:\/\/lisdorf.de\/index.php?rest_route=\/wp\/v2\/posts\/2927\/revisions\/2934"}],"wp:attachment":[{"href":"https:\/\/lisdorf.de\/index.php?rest_route=%2Fwp%2Fv2%2Fmedia&parent=2927"}],"wp:term":[{"taxonomy":"category","embeddable":true,"href":"https:\/\/lisdorf.de\/index.php?rest_route=%2Fwp%2Fv2%2Fcategories&post=2927"},{"taxonomy":"post_tag","embeddable":true,"href":"https:\/\/lisdorf.de\/index.php?rest_route=%2Fwp%2Fv2%2Ftags&post=2927"}],"curies":[{"name":"wp","href":"https:\/\/api.w.org\/{rel}","templated":true}]}}