{"id":2319,"date":"2018-11-28T21:23:10","date_gmt":"2018-11-28T20:23:10","guid":{"rendered":"http:\/\/lisdorf.de\/?p=2319"},"modified":"2018-11-29T09:30:25","modified_gmt":"2018-11-29T08:30:25","slug":"ein-buch-gegen-das-vergessen","status":"publish","type":"post","link":"https:\/\/lisdorf.de\/?p=2319","title":{"rendered":"Ein Buch gegen das Vergessen"},"content":{"rendered":"<p>In der Stadtbibliothek Saarlouis wurde das Buch von Agnes Gro\u00df\u00a0 &#8222;Die Kriegsopfer der beiden Weltkriege aus Lisdorf&#8220; am 28. November vorgestellt. Heiner Gro\u00df begr\u00fc\u00dfte viele Ehreng\u00e4ste die zu diesem besonderen Ereignis gekommen waren. Peter Demmer erinnerte an das Ende des ersten Weltkriegs vor 100 Jahren und sprach \u00fcber die Gedenktage f\u00fcr die Kriegsopfer im November. Weitere Redner wie Werner Hillen (Landesvorsitzender des VdK Saarland), Helmut Grein (Pr\u00e4sident der historisch- kuturellenVereine Saar), Franz Leinenbach (Kreisvorsitzender des Sozialverbandes des VdK), Helga Koster (lyrische Dichterin) las Gedichte,\u00a0 haben an die Kriegsjahre erinnert die in den meisten Familien tiefe Wunden hinterlassen haben.<br \/>\nAgnes Gro\u00df erz\u00e4hlte wie es zu der Idee und und Gestaltung des Buches kam. Auch sie verlor ihren Vater als kleines M\u00e4dchen und erlebte das Ende des Krieges im Stollen von Lisdorf.<br \/>\nIm Schlusswort mahnte Heiner Gro\u00df das wir wieder in einer unsicheren Zeit leben, das es viele Anzeichen wie damals auf eine angespannte politische Weltlage gibt.<br \/>\nMusikvortr\u00e4ge von Tanja Endres-Klemm.<br \/>\nNachfolgend Bilder von der Veranstaltung.<br \/>\n<a href=\"https:\/\/lisdorf.de\/wp-content\/uploads\/2018\/11\/IMG_20181128_200118-e1543436266239.jpg\"><img loading=\"lazy\" decoding=\"async\" class=\"alignnone size-medium wp-image-2325\" src=\"https:\/\/lisdorf.de\/wp-content\/uploads\/2018\/11\/IMG_20181128_200118-300x169.jpg\" alt=\"\" width=\"300\" height=\"169\" \/><\/a> <a href=\"https:\/\/lisdorf.de\/wp-content\/uploads\/2018\/11\/IMG_20181128_195953-e1543436330124.jpg\"><img loading=\"lazy\" decoding=\"async\" class=\"alignnone size-medium wp-image-2326\" src=\"https:\/\/lisdorf.de\/wp-content\/uploads\/2018\/11\/IMG_20181128_195953-300x169.jpg\" alt=\"\" width=\"300\" height=\"169\" \/><\/a> <a href=\"https:\/\/lisdorf.de\/wp-content\/uploads\/2018\/11\/IMG_20181128_195836-e1543436241224.jpg\"><img loading=\"lazy\" decoding=\"async\" class=\"alignnone size-medium wp-image-2324\" src=\"https:\/\/lisdorf.de\/wp-content\/uploads\/2018\/11\/IMG_20181128_195836-300x169.jpg\" alt=\"\" width=\"300\" height=\"169\" \/><\/a> <a href=\"https:\/\/lisdorf.de\/wp-content\/uploads\/2018\/11\/IMG_20181128_195927-e1543436093583.jpg\"><img loading=\"lazy\" decoding=\"async\" class=\"alignnone size-medium wp-image-2322\" src=\"https:\/\/lisdorf.de\/wp-content\/uploads\/2018\/11\/IMG_20181128_195927-300x169.jpg\" alt=\"\" width=\"300\" height=\"169\" \/><\/a> <a href=\"https:\/\/lisdorf.de\/wp-content\/uploads\/2018\/11\/IMG_20181128_190337-e1543436055731.jpg\"><img loading=\"lazy\" decoding=\"async\" class=\"alignnone size-medium wp-image-2320\" src=\"https:\/\/lisdorf.de\/wp-content\/uploads\/2018\/11\/IMG_20181128_190337-300x169.jpg\" alt=\"\" width=\"300\" height=\"169\" \/><\/a><\/p>\n","protected":false},"excerpt":{"rendered":"<p>In der Stadtbibliothek Saarlouis wurde das Buch von Agnes Gro\u00df\u00a0 &#8222;Die Kriegsopfer der beiden Weltkriege aus Lisdorf&#8220; am 28. November vorgestellt. Heiner Gro\u00df begr\u00fc\u00dfte viele Ehreng\u00e4ste die zu diesem besonderen &hellip; <a href=\"https:\/\/lisdorf.de\/?p=2319\" class=\"more-link\"><span class=\"screen-reader-text\">Ein Buch gegen das Vergessen<\/span> weiterlesen <span class=\"meta-nav\">&rarr;<\/span><\/a><\/p>\n","protected":false},"author":1,"featured_media":0,"comment_status":"closed","ping_status":"open","sticky":false,"template":"","format":"standard","meta":{"_jetpack_memberships_contains_paid_content":false,"footnotes":""},"categories":[1],"tags":[],"class_list":["post-2319","post","type-post","status-publish","format-standard","hentry","category-allgemein"],"jetpack_featured_media_url":"","jetpack_sharing_enabled":true,"_links":{"self":[{"href":"https:\/\/lisdorf.de\/index.php?rest_route=\/wp\/v2\/posts\/2319","targetHints":{"allow":["GET"]}}],"collection":[{"href":"https:\/\/lisdorf.de\/index.php?rest_route=\/wp\/v2\/posts"}],"about":[{"href":"https:\/\/lisdorf.de\/index.php?rest_route=\/wp\/v2\/types\/post"}],"author":[{"embeddable":true,"href":"https:\/\/lisdorf.de\/index.php?rest_route=\/wp\/v2\/users\/1"}],"replies":[{"embeddable":true,"href":"https:\/\/lisdorf.de\/index.php?rest_route=%2Fwp%2Fv2%2Fcomments&post=2319"}],"version-history":[{"count":3,"href":"https:\/\/lisdorf.de\/index.php?rest_route=\/wp\/v2\/posts\/2319\/revisions"}],"predecessor-version":[{"id":2330,"href":"https:\/\/lisdorf.de\/index.php?rest_route=\/wp\/v2\/posts\/2319\/revisions\/2330"}],"wp:attachment":[{"href":"https:\/\/lisdorf.de\/index.php?rest_route=%2Fwp%2Fv2%2Fmedia&parent=2319"}],"wp:term":[{"taxonomy":"category","embeddable":true,"href":"https:\/\/lisdorf.de\/index.php?rest_route=%2Fwp%2Fv2%2Fcategories&post=2319"},{"taxonomy":"post_tag","embeddable":true,"href":"https:\/\/lisdorf.de\/index.php?rest_route=%2Fwp%2Fv2%2Ftags&post=2319"}],"curies":[{"name":"wp","href":"https:\/\/api.w.org\/{rel}","templated":true}]}}