{"id":1879,"date":"2018-04-01T00:01:49","date_gmt":"2018-03-31T22:01:49","guid":{"rendered":"http:\/\/lisdorf.de\/?p=1879"},"modified":"2018-03-23T11:15:01","modified_gmt":"2018-03-23T10:15:01","slug":"ard-tatort-wird-in-lisdorf-gedreht","status":"publish","type":"post","link":"https:\/\/lisdorf.de\/?p=1879","title":{"rendered":"ARD Tatort wird in Lisdorf gedreht"},"content":{"rendered":"<p>Der n\u00e4chste Saarl\u00e4ndische Tatort der ARD wird gr\u00f6\u00dftenteils in Lisdorf gedreht. F\u00fcr die im Herbst beginnenden Dreharbeiten werden noch Komparsen und Locations gesucht. Der Saarl\u00e4ndische Rundfunk sucht daf\u00fcr in Lisdorf M\u00e4nner und Frauen im mittleren bis Rentenalter. An folgenden Drehorten sollen Szenen mit den Komparsen gefilmt werden: Im Gasthaus Schulden Stammtisch mit Einheimischen, Industriegebiet Lisdorfer Berg wo es um Datenklau und um Verwicklungen mit den Bauern um die Fl\u00e4chennutzung geht, sowie in einem gut b\u00fcrgerlichen Haus in Lisdorf wo der Sohn in die Aff\u00e4re verwickelt ist und letztendlich der Mord geschieht.<\/p>\n<p><a href=\"https:\/\/lisdorf.de\/wp-content\/uploads\/2018\/03\/Tatort.png\"><img loading=\"lazy\" decoding=\"async\" class=\"alignnone size-medium wp-image-1880\" src=\"https:\/\/lisdorf.de\/wp-content\/uploads\/2018\/03\/Tatort-300x104.png\" alt=\"\" width=\"300\" height=\"104\" srcset=\"https:\/\/lisdorf.de\/wp-content\/uploads\/2018\/03\/Tatort-300x104.png 300w, https:\/\/lisdorf.de\/wp-content\/uploads\/2018\/03\/Tatort-768x267.png 768w, https:\/\/lisdorf.de\/wp-content\/uploads\/2018\/03\/Tatort-510x177.png 510w, https:\/\/lisdorf.de\/wp-content\/uploads\/2018\/03\/Tatort.png 957w\" sizes=\"auto, (max-width: 300px) 100vw, 300px\" \/><\/a><br \/>\nInteressierte k\u00f6nnen sich hier auf lisdorf.de melden und sich als Komparsen melden oder ihr Haus f\u00fcr die Dreharbeiten (ca. 4 Tage) anbieten.<\/p>\n<p>E-Mail bitte an <a href=\"mailto:info@lisdorf.de\">info@lisdorf.de <\/a><\/p>\n","protected":false},"excerpt":{"rendered":"<p>Der n\u00e4chste Saarl\u00e4ndische Tatort der ARD wird gr\u00f6\u00dftenteils in Lisdorf gedreht. F\u00fcr die im Herbst beginnenden Dreharbeiten werden noch Komparsen und Locations gesucht. Der Saarl\u00e4ndische Rundfunk sucht daf\u00fcr in Lisdorf &hellip; <a href=\"https:\/\/lisdorf.de\/?p=1879\" class=\"more-link\"><span class=\"screen-reader-text\">ARD Tatort wird in Lisdorf gedreht<\/span> weiterlesen <span class=\"meta-nav\">&rarr;<\/span><\/a><\/p>\n","protected":false},"author":1,"featured_media":0,"comment_status":"closed","ping_status":"open","sticky":false,"template":"","format":"standard","meta":{"_jetpack_memberships_contains_paid_content":false,"footnotes":""},"categories":[1],"tags":[],"class_list":["post-1879","post","type-post","status-publish","format-standard","hentry","category-allgemein"],"jetpack_featured_media_url":"","jetpack_sharing_enabled":true,"_links":{"self":[{"href":"https:\/\/lisdorf.de\/index.php?rest_route=\/wp\/v2\/posts\/1879","targetHints":{"allow":["GET"]}}],"collection":[{"href":"https:\/\/lisdorf.de\/index.php?rest_route=\/wp\/v2\/posts"}],"about":[{"href":"https:\/\/lisdorf.de\/index.php?rest_route=\/wp\/v2\/types\/post"}],"author":[{"embeddable":true,"href":"https:\/\/lisdorf.de\/index.php?rest_route=\/wp\/v2\/users\/1"}],"replies":[{"embeddable":true,"href":"https:\/\/lisdorf.de\/index.php?rest_route=%2Fwp%2Fv2%2Fcomments&post=1879"}],"version-history":[{"count":1,"href":"https:\/\/lisdorf.de\/index.php?rest_route=\/wp\/v2\/posts\/1879\/revisions"}],"predecessor-version":[{"id":1881,"href":"https:\/\/lisdorf.de\/index.php?rest_route=\/wp\/v2\/posts\/1879\/revisions\/1881"}],"wp:attachment":[{"href":"https:\/\/lisdorf.de\/index.php?rest_route=%2Fwp%2Fv2%2Fmedia&parent=1879"}],"wp:term":[{"taxonomy":"category","embeddable":true,"href":"https:\/\/lisdorf.de\/index.php?rest_route=%2Fwp%2Fv2%2Fcategories&post=1879"},{"taxonomy":"post_tag","embeddable":true,"href":"https:\/\/lisdorf.de\/index.php?rest_route=%2Fwp%2Fv2%2Ftags&post=1879"}],"curies":[{"name":"wp","href":"https:\/\/api.w.org\/{rel}","templated":true}]}}