{"id":1869,"date":"2018-03-19T21:35:23","date_gmt":"2018-03-19T20:35:23","guid":{"rendered":"http:\/\/lisdorf.de\/?p=1869"},"modified":"2018-03-19T21:47:21","modified_gmt":"2018-03-19T20:47:21","slug":"kfd-fahrt-in-den-ostergarten","status":"publish","type":"post","link":"https:\/\/lisdorf.de\/?p=1869","title":{"rendered":"kfd Fahrt in den Ostergarten"},"content":{"rendered":"<p>Die kfd St.Elisabeth Lisdorf ist am Montag 19. M\u00e4rz mit dem Bus nach Wadrill in den Ostergarten gefahren. Der \u201eOstergarten\u201c ist eigentlich ein Pfarrheim, das f\u00fcr ein paar Wochen umgebaut wird in einen Marktplatz in Jerusalem, den Abendmahlssaal, den \u00d6lberg, den H\u00fcgel Golgotha, das Grab Jesu und in einen Ostergarten.\u00a0 Es war f\u00fcr die Lisdorfer Frauen ein erlebnisreicher Nachmittag in der \u00f6sterlichen Zeit. Die Vorsitzende Renate Arnold freut sich wenn bei der n\u00e4chste Fahrt auch M\u00e4nner teilnehmen w\u00fcrden.<\/p>\n<figure id=\"attachment_1873\" aria-describedby=\"caption-attachment-1873\" style=\"width: 300px\" class=\"wp-caption alignnone\"><a href=\"https:\/\/lisdorf.de\/wp-content\/uploads\/2018\/03\/IMG_20180319_144612.jpg\"><img loading=\"lazy\" decoding=\"async\" class=\"size-medium wp-image-1873\" src=\"https:\/\/lisdorf.de\/wp-content\/uploads\/2018\/03\/IMG_20180319_144612-300x169.jpg\" alt=\"\" width=\"300\" height=\"169\" srcset=\"https:\/\/lisdorf.de\/wp-content\/uploads\/2018\/03\/IMG_20180319_144612-300x169.jpg 300w, https:\/\/lisdorf.de\/wp-content\/uploads\/2018\/03\/IMG_20180319_144612-768x432.jpg 768w, https:\/\/lisdorf.de\/wp-content\/uploads\/2018\/03\/IMG_20180319_144612-510x287.jpg 510w\" sizes=\"auto, (max-width: 300px) 100vw, 300px\" \/><\/a><figcaption id=\"caption-attachment-1873\" class=\"wp-caption-text\">Die Fahrtteilnehmer in der Kirche Wadril<\/figcaption><\/figure>\n<p><a href=\"https:\/\/lisdorf.de\/wp-content\/uploads\/2018\/03\/DSC_8006.jpg\"><img loading=\"lazy\" decoding=\"async\" class=\"alignnone size-medium wp-image-1872\" src=\"https:\/\/lisdorf.de\/wp-content\/uploads\/2018\/03\/DSC_8006-200x300.jpg\" alt=\"\" width=\"200\" height=\"300\" srcset=\"https:\/\/lisdorf.de\/wp-content\/uploads\/2018\/03\/DSC_8006-200x300.jpg 200w, https:\/\/lisdorf.de\/wp-content\/uploads\/2018\/03\/DSC_8006-300x450.jpg 300w, https:\/\/lisdorf.de\/wp-content\/uploads\/2018\/03\/DSC_8006.jpg 307w\" sizes=\"auto, (max-width: 200px) 100vw, 200px\" \/><\/a><\/p>\n","protected":false},"excerpt":{"rendered":"<p>Die kfd St.Elisabeth Lisdorf ist am Montag 19. M\u00e4rz mit dem Bus nach Wadrill in den Ostergarten gefahren. Der \u201eOstergarten\u201c ist eigentlich ein Pfarrheim, das f\u00fcr ein paar Wochen umgebaut &hellip; <a href=\"https:\/\/lisdorf.de\/?p=1869\" class=\"more-link\"><span class=\"screen-reader-text\">kfd Fahrt in den Ostergarten<\/span> weiterlesen <span class=\"meta-nav\">&rarr;<\/span><\/a><\/p>\n","protected":false},"author":1,"featured_media":0,"comment_status":"closed","ping_status":"open","sticky":false,"template":"","format":"standard","meta":{"_jetpack_memberships_contains_paid_content":false,"footnotes":""},"categories":[1],"tags":[],"class_list":["post-1869","post","type-post","status-publish","format-standard","hentry","category-allgemein"],"jetpack_featured_media_url":"","jetpack_sharing_enabled":true,"_links":{"self":[{"href":"https:\/\/lisdorf.de\/index.php?rest_route=\/wp\/v2\/posts\/1869","targetHints":{"allow":["GET"]}}],"collection":[{"href":"https:\/\/lisdorf.de\/index.php?rest_route=\/wp\/v2\/posts"}],"about":[{"href":"https:\/\/lisdorf.de\/index.php?rest_route=\/wp\/v2\/types\/post"}],"author":[{"embeddable":true,"href":"https:\/\/lisdorf.de\/index.php?rest_route=\/wp\/v2\/users\/1"}],"replies":[{"embeddable":true,"href":"https:\/\/lisdorf.de\/index.php?rest_route=%2Fwp%2Fv2%2Fcomments&post=1869"}],"version-history":[{"count":4,"href":"https:\/\/lisdorf.de\/index.php?rest_route=\/wp\/v2\/posts\/1869\/revisions"}],"predecessor-version":[{"id":1877,"href":"https:\/\/lisdorf.de\/index.php?rest_route=\/wp\/v2\/posts\/1869\/revisions\/1877"}],"wp:attachment":[{"href":"https:\/\/lisdorf.de\/index.php?rest_route=%2Fwp%2Fv2%2Fmedia&parent=1869"}],"wp:term":[{"taxonomy":"category","embeddable":true,"href":"https:\/\/lisdorf.de\/index.php?rest_route=%2Fwp%2Fv2%2Fcategories&post=1869"},{"taxonomy":"post_tag","embeddable":true,"href":"https:\/\/lisdorf.de\/index.php?rest_route=%2Fwp%2Fv2%2Ftags&post=1869"}],"curies":[{"name":"wp","href":"https:\/\/api.w.org\/{rel}","templated":true}]}}