{"id":1842,"date":"2018-03-09T13:36:41","date_gmt":"2018-03-09T12:36:41","guid":{"rendered":"http:\/\/lisdorf.de\/?p=1842"},"modified":"2018-03-09T13:36:41","modified_gmt":"2018-03-09T12:36:41","slug":"zdf-uebertraegt-live-messe-aus-lisdorf","status":"publish","type":"post","link":"https:\/\/lisdorf.de\/?p=1842","title":{"rendered":"ZDF \u00fcbertr\u00e4gt live Messe aus Lisdorf"},"content":{"rendered":"<p>Am 5. August sendet das ZDF live die Hl. Messe am Sonntag ab 9.30 Uhr. In einem Treffen mit Lisdorfer Vereinen informierte Herr Pastor Kleinjohann den Ablauf und die Organisation dieses Ereignisses. Die Vereine erkl\u00e4rten sich bereit bei der Organisation tatkr\u00e4ftig die Pfarrgemeinde zu unterst\u00fctzen. F\u00fcr Lisdorf und Saarlouis wird dies mit Sicherheit ein vielbeachtete Messe werden. Es ist vorgesehen die Messe auch in der Hans-Welsch-Halle zeitgleich zu \u00fcbertragen, da an diesem Sonntag das S\u00e4ngerfest des MGV stattfindet.<\/p>\n<p><a href=\"https:\/\/lisdorf.de\/wp-content\/uploads\/2018\/03\/IMG_190051.png\"><img loading=\"lazy\" decoding=\"async\" class=\"alignnone size-medium wp-image-1843\" src=\"https:\/\/lisdorf.de\/wp-content\/uploads\/2018\/03\/IMG_190051-300x169.png\" alt=\"\" width=\"300\" height=\"169\" srcset=\"https:\/\/lisdorf.de\/wp-content\/uploads\/2018\/03\/IMG_190051-300x169.png 300w, https:\/\/lisdorf.de\/wp-content\/uploads\/2018\/03\/IMG_190051-768x432.png 768w, https:\/\/lisdorf.de\/wp-content\/uploads\/2018\/03\/IMG_190051-510x287.png 510w, https:\/\/lisdorf.de\/wp-content\/uploads\/2018\/03\/IMG_190051.png 800w\" sizes=\"auto, (max-width: 300px) 100vw, 300px\" \/><\/a><\/p>\n<p><a href=\"http:\/\/fernsehen.katholisch.de\/Kirchenprogramme\/Gottesdienst\/Jahresplan2018\/KatholischerGottesdienstam5August2018ausLisdorf.aspx\">Infos zum ZDF Gottesdienst <\/a><\/p>\n<p>&nbsp;<\/p>\n<p>&nbsp;<\/p>\n","protected":false},"excerpt":{"rendered":"<p>Am 5. August sendet das ZDF live die Hl. Messe am Sonntag ab 9.30 Uhr. In einem Treffen mit Lisdorfer Vereinen informierte Herr Pastor Kleinjohann den Ablauf und die Organisation &hellip; <a href=\"https:\/\/lisdorf.de\/?p=1842\" class=\"more-link\"><span class=\"screen-reader-text\">ZDF \u00fcbertr\u00e4gt live Messe aus Lisdorf<\/span> weiterlesen <span class=\"meta-nav\">&rarr;<\/span><\/a><\/p>\n","protected":false},"author":1,"featured_media":0,"comment_status":"closed","ping_status":"open","sticky":false,"template":"","format":"standard","meta":{"_jetpack_memberships_contains_paid_content":false,"footnotes":""},"categories":[1],"tags":[],"class_list":["post-1842","post","type-post","status-publish","format-standard","hentry","category-allgemein"],"jetpack_featured_media_url":"","jetpack_sharing_enabled":true,"_links":{"self":[{"href":"https:\/\/lisdorf.de\/index.php?rest_route=\/wp\/v2\/posts\/1842","targetHints":{"allow":["GET"]}}],"collection":[{"href":"https:\/\/lisdorf.de\/index.php?rest_route=\/wp\/v2\/posts"}],"about":[{"href":"https:\/\/lisdorf.de\/index.php?rest_route=\/wp\/v2\/types\/post"}],"author":[{"embeddable":true,"href":"https:\/\/lisdorf.de\/index.php?rest_route=\/wp\/v2\/users\/1"}],"replies":[{"embeddable":true,"href":"https:\/\/lisdorf.de\/index.php?rest_route=%2Fwp%2Fv2%2Fcomments&post=1842"}],"version-history":[{"count":1,"href":"https:\/\/lisdorf.de\/index.php?rest_route=\/wp\/v2\/posts\/1842\/revisions"}],"predecessor-version":[{"id":1844,"href":"https:\/\/lisdorf.de\/index.php?rest_route=\/wp\/v2\/posts\/1842\/revisions\/1844"}],"wp:attachment":[{"href":"https:\/\/lisdorf.de\/index.php?rest_route=%2Fwp%2Fv2%2Fmedia&parent=1842"}],"wp:term":[{"taxonomy":"category","embeddable":true,"href":"https:\/\/lisdorf.de\/index.php?rest_route=%2Fwp%2Fv2%2Fcategories&post=1842"},{"taxonomy":"post_tag","embeddable":true,"href":"https:\/\/lisdorf.de\/index.php?rest_route=%2Fwp%2Fv2%2Ftags&post=1842"}],"curies":[{"name":"wp","href":"https:\/\/api.w.org\/{rel}","templated":true}]}}