{"id":1783,"date":"2018-01-21T19:42:00","date_gmt":"2018-01-21T18:42:00","guid":{"rendered":"http:\/\/lisdorf.de\/?p=1783"},"modified":"2018-01-22T13:47:03","modified_gmt":"2018-01-22T12:47:03","slug":"jubilaeum-ligeka-6-x-11-jahre","status":"publish","type":"post","link":"https:\/\/lisdorf.de\/?p=1783","title":{"rendered":"Jubil\u00e4um LiGeKa 6 x 11 Jahre"},"content":{"rendered":"<p>Mit einem Festkommers startet der LiGeKa in die Hauptsession der Fastnacht 2018.<br \/>\nAm Freitag Abend begann mit einem Countdown der Festakt. Ralf Rectenwald begr\u00fcsste die anwesenden G\u00e4ste von Vereinen und Politik. In einer Begr\u00fcssungsrede appellierte unter anderem der 1. Vorsitzende Bernd Hawner an die Politik und Verb\u00e4nde die Arbeit der Vereine nicht durch immer neue Vorschriften und Regelungen zu erschweren. Vielen ehrenamtlichen Mitgliedern f\u00e4llt es immer schwerer sich der eigentlichen Aufgabe in den Vereinen zu widmen. Auch die Kosten werden dadurch unn\u00f6tig in die H\u00f6he getrieben.<br \/>\nIn Reimform f\u00fchrte Elisabeth Jacob den Werdegang des Vereins durch die Jahrzehnte.<br \/>\nDer Schirmherr Georg Jungmann erz\u00e4hlte von den Anfangsjahren des LiGeKa wie er es von seinem Vater der auch einer der Gr\u00fcnder des Vereins war geh\u00f6rt hat. Als Mitglied und Aktiver sprach er auch von den Besonderheiten des Vereins.<br \/>\nHans Werner Strauss der Vorsitzende des VSK \u00fcberbrachte die Gl\u00fcckw\u00fcnsche des Verbandes und ehrte Ewald Rullang als noch letzten lebenden Gr\u00fcnder des LiGeKa.<br \/>\nIn kurzen Videobeitr\u00e4gen \u00fcberbrachten Rainer Callmund, Donald Trump und die Queen die Gl\u00fcckw\u00fcnsche zum Jubil\u00e4um. Viele Mitglieder wurden mit Orden und Urkunde f\u00fcr Ihre langj\u00e4hrige Treue zum Verein geehrt. Bernd Hawner w\u00fcrdigte die Arbeit des Ehrenvorsitzenden Werner Beck in einer kurzen Rede und \u00fcberreichte den Jubil\u00e4umsorden.<br \/>\nUnser Landrat Patrick Lauer, Oerb\u00fcrgermeister Peter Demmer, Prinzenpaare und Abordnungen befreundeter Vereine schlossen sich den Gl\u00fcckw\u00fcnschen an. Peter Demmer gelobte den Vereinen seine Unterst\u00fctzung zu.<br \/>\nAbgerundet wurde das Programm von den Gardet\u00e4nzen des LiGeKa.<br \/>\nBilder von Harald Weiler<\/p>\n<figure id=\"attachment_1788\" aria-describedby=\"caption-attachment-1788\" style=\"width: 300px\" class=\"wp-caption alignnone\"><a href=\"https:\/\/lisdorf.de\/wp-content\/uploads\/2018\/01\/01-BerndHawner.jpg\"><img loading=\"lazy\" decoding=\"async\" class=\"size-medium wp-image-1788\" src=\"https:\/\/lisdorf.de\/wp-content\/uploads\/2018\/01\/01-BerndHawner-300x186.jpg\" alt=\"\" width=\"300\" height=\"186\" srcset=\"https:\/\/lisdorf.de\/wp-content\/uploads\/2018\/01\/01-BerndHawner-300x186.jpg 300w, https:\/\/lisdorf.de\/wp-content\/uploads\/2018\/01\/01-BerndHawner-768x477.jpg 768w, https:\/\/lisdorf.de\/wp-content\/uploads\/2018\/01\/01-BerndHawner-510x317.jpg 510w, https:\/\/lisdorf.de\/wp-content\/uploads\/2018\/01\/01-BerndHawner.jpg 1600w\" sizes=\"auto, (max-width: 300px) 100vw, 300px\" \/><\/a><figcaption id=\"caption-attachment-1788\" class=\"wp-caption-text\">Bernd Hawner 1. Vorsitzende<\/figcaption><\/figure>\n<figure id=\"attachment_1793\" aria-describedby=\"caption-attachment-1793\" style=\"width: 300px\" class=\"wp-caption alignnone\"><a href=\"https:\/\/lisdorf.de\/wp-content\/uploads\/2018\/01\/07-EwandRullang.jpg\"><img loading=\"lazy\" decoding=\"async\" class=\"size-medium wp-image-1793\" src=\"https:\/\/lisdorf.de\/wp-content\/uploads\/2018\/01\/07-EwandRullang-300x171.jpg\" alt=\"\" width=\"300\" height=\"171\" srcset=\"https:\/\/lisdorf.de\/wp-content\/uploads\/2018\/01\/07-EwandRullang-300x171.jpg 300w, https:\/\/lisdorf.de\/wp-content\/uploads\/2018\/01\/07-EwandRullang-768x438.jpg 768w, https:\/\/lisdorf.de\/wp-content\/uploads\/2018\/01\/07-EwandRullang-510x291.jpg 510w, https:\/\/lisdorf.de\/wp-content\/uploads\/2018\/01\/07-EwandRullang.jpg 1600w\" sizes=\"auto, (max-width: 300px) 100vw, 300px\" \/><\/a><figcaption id=\"caption-attachment-1793\" class=\"wp-caption-text\">Hans Werner Strauss ehrt Gr\u00fcnder Ewald Rullang<\/figcaption><\/figure>\n<figure id=\"attachment_1789\" aria-describedby=\"caption-attachment-1789\" style=\"width: 300px\" class=\"wp-caption alignnone\"><a href=\"https:\/\/lisdorf.de\/wp-content\/uploads\/2018\/01\/02-ElisabethJacob.jpg\"><img loading=\"lazy\" decoding=\"async\" class=\"size-medium wp-image-1789\" src=\"https:\/\/lisdorf.de\/wp-content\/uploads\/2018\/01\/02-ElisabethJacob-300x169.jpg\" alt=\"\" width=\"300\" height=\"169\" srcset=\"https:\/\/lisdorf.de\/wp-content\/uploads\/2018\/01\/02-ElisabethJacob-300x169.jpg 300w, https:\/\/lisdorf.de\/wp-content\/uploads\/2018\/01\/02-ElisabethJacob-768x432.jpg 768w, https:\/\/lisdorf.de\/wp-content\/uploads\/2018\/01\/02-ElisabethJacob-510x287.jpg 510w, https:\/\/lisdorf.de\/wp-content\/uploads\/2018\/01\/02-ElisabethJacob.jpg 1600w\" sizes=\"auto, (max-width: 300px) 100vw, 300px\" \/><\/a><figcaption id=\"caption-attachment-1789\" class=\"wp-caption-text\">Elisabeth Jacob<\/figcaption><\/figure>\n<figure id=\"attachment_1790\" aria-describedby=\"caption-attachment-1790\" style=\"width: 300px\" class=\"wp-caption alignnone\"><a href=\"https:\/\/lisdorf.de\/wp-content\/uploads\/2018\/01\/03-GeorgJungmann.jpg\"><img loading=\"lazy\" decoding=\"async\" class=\"size-medium wp-image-1790\" src=\"https:\/\/lisdorf.de\/wp-content\/uploads\/2018\/01\/03-GeorgJungmann-300x189.jpg\" alt=\"\" width=\"300\" height=\"189\" srcset=\"https:\/\/lisdorf.de\/wp-content\/uploads\/2018\/01\/03-GeorgJungmann-300x189.jpg 300w, https:\/\/lisdorf.de\/wp-content\/uploads\/2018\/01\/03-GeorgJungmann-768x483.jpg 768w, https:\/\/lisdorf.de\/wp-content\/uploads\/2018\/01\/03-GeorgJungmann-510x321.jpg 510w, https:\/\/lisdorf.de\/wp-content\/uploads\/2018\/01\/03-GeorgJungmann.jpg 1600w\" sizes=\"auto, (max-width: 300px) 100vw, 300px\" \/><\/a><figcaption id=\"caption-attachment-1790\" class=\"wp-caption-text\">Schirmherr Georg Jungmann<\/figcaption><\/figure>\n<figure id=\"attachment_1797\" aria-describedby=\"caption-attachment-1797\" style=\"width: 300px\" class=\"wp-caption alignnone\"><a href=\"https:\/\/lisdorf.de\/wp-content\/uploads\/2018\/01\/10-Gratulanten.jpg\"><img loading=\"lazy\" decoding=\"async\" class=\"size-medium wp-image-1797\" src=\"https:\/\/lisdorf.de\/wp-content\/uploads\/2018\/01\/10-Gratulanten-300x179.jpg\" alt=\"\" width=\"300\" height=\"179\" srcset=\"https:\/\/lisdorf.de\/wp-content\/uploads\/2018\/01\/10-Gratulanten-300x179.jpg 300w, https:\/\/lisdorf.de\/wp-content\/uploads\/2018\/01\/10-Gratulanten-768x458.jpg 768w, https:\/\/lisdorf.de\/wp-content\/uploads\/2018\/01\/10-Gratulanten-510x304.jpg 510w, https:\/\/lisdorf.de\/wp-content\/uploads\/2018\/01\/10-Gratulanten.jpg 1600w\" sizes=\"auto, (max-width: 300px) 100vw, 300px\" \/><\/a><figcaption id=\"caption-attachment-1797\" class=\"wp-caption-text\">Landrat Patrik Lauer, OB Peter Demmer, MdL Raphael Sch\u00e4fer und SPD Vorsitzender Andreas Kelich<\/figcaption><\/figure>\n<figure id=\"attachment_1795\" aria-describedby=\"caption-attachment-1795\" style=\"width: 300px\" class=\"wp-caption alignnone\"><a href=\"https:\/\/lisdorf.de\/wp-content\/uploads\/2018\/01\/09-11-Prinzenpaare.jpg\"><img loading=\"lazy\" decoding=\"async\" class=\"size-medium wp-image-1795\" src=\"https:\/\/lisdorf.de\/wp-content\/uploads\/2018\/01\/09-11-Prinzenpaare-300x173.jpg\" alt=\"\" width=\"300\" height=\"173\" srcset=\"https:\/\/lisdorf.de\/wp-content\/uploads\/2018\/01\/09-11-Prinzenpaare-300x173.jpg 300w, https:\/\/lisdorf.de\/wp-content\/uploads\/2018\/01\/09-11-Prinzenpaare-768x443.jpg 768w, https:\/\/lisdorf.de\/wp-content\/uploads\/2018\/01\/09-11-Prinzenpaare-510x294.jpg 510w, https:\/\/lisdorf.de\/wp-content\/uploads\/2018\/01\/09-11-Prinzenpaare.jpg 1600w\" sizes=\"auto, (max-width: 300px) 100vw, 300px\" \/><\/a><figcaption id=\"caption-attachment-1795\" class=\"wp-caption-text\">Prinzenpaare mit Gratulanten<\/figcaption><\/figure>\n<figure id=\"attachment_1792\" aria-describedby=\"caption-attachment-1792\" style=\"width: 300px\" class=\"wp-caption alignnone\"><a href=\"https:\/\/lisdorf.de\/wp-content\/uploads\/2018\/01\/07-12-Ehrungen.jpg\"><img loading=\"lazy\" decoding=\"async\" class=\"size-medium wp-image-1792\" src=\"https:\/\/lisdorf.de\/wp-content\/uploads\/2018\/01\/07-12-Ehrungen-300x176.jpg\" alt=\"\" width=\"300\" height=\"176\" srcset=\"https:\/\/lisdorf.de\/wp-content\/uploads\/2018\/01\/07-12-Ehrungen-300x176.jpg 300w, https:\/\/lisdorf.de\/wp-content\/uploads\/2018\/01\/07-12-Ehrungen-768x451.jpg 768w, https:\/\/lisdorf.de\/wp-content\/uploads\/2018\/01\/07-12-Ehrungen-510x299.jpg 510w, https:\/\/lisdorf.de\/wp-content\/uploads\/2018\/01\/07-12-Ehrungen.jpg 1600w\" sizes=\"auto, (max-width: 300px) 100vw, 300px\" \/><\/a><figcaption id=\"caption-attachment-1792\" class=\"wp-caption-text\">Garden des LiGeKa<\/figcaption><\/figure>\n","protected":false},"excerpt":{"rendered":"<p>Mit einem Festkommers startet der LiGeKa in die Hauptsession der Fastnacht 2018. Am Freitag Abend begann mit einem Countdown der Festakt. Ralf Rectenwald begr\u00fcsste die anwesenden G\u00e4ste von Vereinen und &hellip; <a href=\"https:\/\/lisdorf.de\/?p=1783\" class=\"more-link\"><span class=\"screen-reader-text\">Jubil\u00e4um LiGeKa 6 x 11 Jahre<\/span> weiterlesen <span class=\"meta-nav\">&rarr;<\/span><\/a><\/p>\n","protected":false},"author":1,"featured_media":0,"comment_status":"closed","ping_status":"open","sticky":false,"template":"","format":"standard","meta":{"_jetpack_memberships_contains_paid_content":false,"footnotes":""},"categories":[1],"tags":[],"class_list":["post-1783","post","type-post","status-publish","format-standard","hentry","category-allgemein"],"jetpack_featured_media_url":"","jetpack_sharing_enabled":true,"_links":{"self":[{"href":"https:\/\/lisdorf.de\/index.php?rest_route=\/wp\/v2\/posts\/1783","targetHints":{"allow":["GET"]}}],"collection":[{"href":"https:\/\/lisdorf.de\/index.php?rest_route=\/wp\/v2\/posts"}],"about":[{"href":"https:\/\/lisdorf.de\/index.php?rest_route=\/wp\/v2\/types\/post"}],"author":[{"embeddable":true,"href":"https:\/\/lisdorf.de\/index.php?rest_route=\/wp\/v2\/users\/1"}],"replies":[{"embeddable":true,"href":"https:\/\/lisdorf.de\/index.php?rest_route=%2Fwp%2Fv2%2Fcomments&post=1783"}],"version-history":[{"count":4,"href":"https:\/\/lisdorf.de\/index.php?rest_route=\/wp\/v2\/posts\/1783\/revisions"}],"predecessor-version":[{"id":1799,"href":"https:\/\/lisdorf.de\/index.php?rest_route=\/wp\/v2\/posts\/1783\/revisions\/1799"}],"wp:attachment":[{"href":"https:\/\/lisdorf.de\/index.php?rest_route=%2Fwp%2Fv2%2Fmedia&parent=1783"}],"wp:term":[{"taxonomy":"category","embeddable":true,"href":"https:\/\/lisdorf.de\/index.php?rest_route=%2Fwp%2Fv2%2Fcategories&post=1783"},{"taxonomy":"post_tag","embeddable":true,"href":"https:\/\/lisdorf.de\/index.php?rest_route=%2Fwp%2Fv2%2Ftags&post=1783"}],"curies":[{"name":"wp","href":"https:\/\/api.w.org\/{rel}","templated":true}]}}