{"id":1774,"date":"2018-01-09T10:48:35","date_gmt":"2018-01-09T09:48:35","guid":{"rendered":"http:\/\/lisdorf.de\/?p=1774"},"modified":"2018-01-09T10:48:35","modified_gmt":"2018-01-09T09:48:35","slug":"ligeka-feiert-6-x-11-jahre","status":"publish","type":"post","link":"https:\/\/lisdorf.de\/?p=1774","title":{"rendered":"LiGeKa feiert 6 x 11 Jahre"},"content":{"rendered":"<p>Ein besonderes Jubil\u00e4um feiert der Lidorfer Gesellschafts- und Karnevalsverein. 1952 gegr\u00fcndet von 14 Personen ist er der \u00e4lteste noch aktive Verein in Sachen Fasend in Saarlouis.<br \/>\nAm Freitag den 19. Januar wird dies mit einem Kommers\u00a0 in der Hans Welsch Halle\u00a0 gefeiert.<br \/>\nAm 3. Februar startet dann mit B\u00fcttenreden, Gardet\u00e4nzen und Musik die Jubil\u00e4umskappensitzung. Karten gibt es im Vorverkauf an den bekannten Vorverkaufsstellen.<\/p>\n<p><a href=\"https:\/\/lisdorf.de\/wp-content\/uploads\/2018\/01\/Plakat-Sitzung-2018-web.png\"><img loading=\"lazy\" decoding=\"async\" class=\"alignnone size-medium wp-image-1775\" src=\"https:\/\/lisdorf.de\/wp-content\/uploads\/2018\/01\/Plakat-Sitzung-2018-web-212x300.png\" alt=\"\" width=\"212\" height=\"300\" srcset=\"https:\/\/lisdorf.de\/wp-content\/uploads\/2018\/01\/Plakat-Sitzung-2018-web-212x300.png 212w, https:\/\/lisdorf.de\/wp-content\/uploads\/2018\/01\/Plakat-Sitzung-2018-web-300x425.png 300w, https:\/\/lisdorf.de\/wp-content\/uploads\/2018\/01\/Plakat-Sitzung-2018-web-768x1087.png 768w, https:\/\/lisdorf.de\/wp-content\/uploads\/2018\/01\/Plakat-Sitzung-2018-web-510x722.png 510w, https:\/\/lisdorf.de\/wp-content\/uploads\/2018\/01\/Plakat-Sitzung-2018-web.png 801w\" sizes=\"auto, (max-width: 212px) 100vw, 212px\" \/><\/a><\/p>\n<p>&nbsp;<\/p>\n","protected":false},"excerpt":{"rendered":"<p>Ein besonderes Jubil\u00e4um feiert der Lidorfer Gesellschafts- und Karnevalsverein. 1952 gegr\u00fcndet von 14 Personen ist er der \u00e4lteste noch aktive Verein in Sachen Fasend in Saarlouis. Am Freitag den 19. &hellip; <a href=\"https:\/\/lisdorf.de\/?p=1774\" class=\"more-link\"><span class=\"screen-reader-text\">LiGeKa feiert 6 x 11 Jahre<\/span> weiterlesen <span class=\"meta-nav\">&rarr;<\/span><\/a><\/p>\n","protected":false},"author":1,"featured_media":0,"comment_status":"closed","ping_status":"open","sticky":false,"template":"","format":"standard","meta":{"_jetpack_memberships_contains_paid_content":false,"footnotes":""},"categories":[1],"tags":[],"class_list":["post-1774","post","type-post","status-publish","format-standard","hentry","category-allgemein"],"jetpack_featured_media_url":"","jetpack_sharing_enabled":true,"_links":{"self":[{"href":"https:\/\/lisdorf.de\/index.php?rest_route=\/wp\/v2\/posts\/1774","targetHints":{"allow":["GET"]}}],"collection":[{"href":"https:\/\/lisdorf.de\/index.php?rest_route=\/wp\/v2\/posts"}],"about":[{"href":"https:\/\/lisdorf.de\/index.php?rest_route=\/wp\/v2\/types\/post"}],"author":[{"embeddable":true,"href":"https:\/\/lisdorf.de\/index.php?rest_route=\/wp\/v2\/users\/1"}],"replies":[{"embeddable":true,"href":"https:\/\/lisdorf.de\/index.php?rest_route=%2Fwp%2Fv2%2Fcomments&post=1774"}],"version-history":[{"count":1,"href":"https:\/\/lisdorf.de\/index.php?rest_route=\/wp\/v2\/posts\/1774\/revisions"}],"predecessor-version":[{"id":1776,"href":"https:\/\/lisdorf.de\/index.php?rest_route=\/wp\/v2\/posts\/1774\/revisions\/1776"}],"wp:attachment":[{"href":"https:\/\/lisdorf.de\/index.php?rest_route=%2Fwp%2Fv2%2Fmedia&parent=1774"}],"wp:term":[{"taxonomy":"category","embeddable":true,"href":"https:\/\/lisdorf.de\/index.php?rest_route=%2Fwp%2Fv2%2Fcategories&post=1774"},{"taxonomy":"post_tag","embeddable":true,"href":"https:\/\/lisdorf.de\/index.php?rest_route=%2Fwp%2Fv2%2Ftags&post=1774"}],"curies":[{"name":"wp","href":"https:\/\/api.w.org\/{rel}","templated":true}]}}