{"id":1691,"date":"2017-11-25T21:02:48","date_gmt":"2017-11-25T20:02:48","guid":{"rendered":"http:\/\/lisdorf.de\/?p=1691"},"modified":"2017-11-25T21:22:57","modified_gmt":"2017-11-25T20:22:57","slug":"tueren-oeffnen","status":"publish","type":"post","link":"https:\/\/lisdorf.de\/?p=1691","title":{"rendered":"T\u00fcren \u00f6ffnen"},"content":{"rendered":"<p>Lebendiger Adventskalender 2017<br \/>\n\u201eT\u00fcren \u00f6ffnen\u201c<\/p>\n<p>Die Kfd St. Elisabeth Lisdorf und die Kfd St. Ludwig Saarlouis organisieren in diesem Jahr einen \u201eLebendigen Adventskalender\u201c, der eine Einstimmung auf eine besinnliche Weihnachtszeit bietet. An verschiedenen Tagen wird sich innerhalb dieser Pfarreien eine T\u00fcr \u00f6ffnen. Wir werden miteinander singen, Gedichte und Geschichten h\u00f6ren.<br \/>\nHierzu laden wir Sie und ihre Kindern herzlich ein.<br \/>\nWo und wann sich eine T\u00fcr \u00f6ffnet, entnehmen Sie bitte den ausliegenden Handzetteln in den Kirchen und an \u00f6ffentlichen Stellen.\u00a0\u00a0\u00a0 <a href=\"https:\/\/lisdorf.de\/wp-content\/uploads\/2017\/11\/Termine-2017.pdf\">Termine 2017<\/a><\/p>\n<p><a href=\"https:\/\/lisdorf.de\/wp-content\/uploads\/2017\/11\/KFD-Termine.png\"><img loading=\"lazy\" decoding=\"async\" class=\"alignnone size-medium wp-image-1692\" src=\"https:\/\/lisdorf.de\/wp-content\/uploads\/2017\/11\/KFD-Termine-177x300.png\" alt=\"\" width=\"177\" height=\"300\" srcset=\"https:\/\/lisdorf.de\/wp-content\/uploads\/2017\/11\/KFD-Termine-177x300.png 177w, https:\/\/lisdorf.de\/wp-content\/uploads\/2017\/11\/KFD-Termine-300x509.png 300w, https:\/\/lisdorf.de\/wp-content\/uploads\/2017\/11\/KFD-Termine.png 481w\" sizes=\"auto, (max-width: 177px) 100vw, 177px\" \/><\/a><\/p>\n<div id=\"mceu_45\" class=\"wp-link-preview\"><a tabindex=\"-1\" href=\"https:\/\/lisdorf.de\/wp-content\/uploads\/2017\/11\/Termine-2017.pdf\" target=\"_blank\" rel=\"noopener\">lisdorf.de\/\u2026oads\/2017\/11\/Termine-2017.pdf<\/a><\/div>\n","protected":false},"excerpt":{"rendered":"<p>Lebendiger Adventskalender 2017 \u201eT\u00fcren \u00f6ffnen\u201c Die Kfd St. Elisabeth Lisdorf und die Kfd St. Ludwig Saarlouis organisieren in diesem Jahr einen \u201eLebendigen Adventskalender\u201c, der eine Einstimmung auf eine besinnliche Weihnachtszeit &hellip; <a href=\"https:\/\/lisdorf.de\/?p=1691\" class=\"more-link\"><span class=\"screen-reader-text\">T\u00fcren \u00f6ffnen<\/span> weiterlesen <span class=\"meta-nav\">&rarr;<\/span><\/a><\/p>\n","protected":false},"author":1,"featured_media":0,"comment_status":"closed","ping_status":"open","sticky":false,"template":"","format":"standard","meta":{"_jetpack_memberships_contains_paid_content":false,"footnotes":""},"categories":[1],"tags":[],"class_list":["post-1691","post","type-post","status-publish","format-standard","hentry","category-allgemein"],"jetpack_featured_media_url":"","jetpack_sharing_enabled":true,"_links":{"self":[{"href":"https:\/\/lisdorf.de\/index.php?rest_route=\/wp\/v2\/posts\/1691","targetHints":{"allow":["GET"]}}],"collection":[{"href":"https:\/\/lisdorf.de\/index.php?rest_route=\/wp\/v2\/posts"}],"about":[{"href":"https:\/\/lisdorf.de\/index.php?rest_route=\/wp\/v2\/types\/post"}],"author":[{"embeddable":true,"href":"https:\/\/lisdorf.de\/index.php?rest_route=\/wp\/v2\/users\/1"}],"replies":[{"embeddable":true,"href":"https:\/\/lisdorf.de\/index.php?rest_route=%2Fwp%2Fv2%2Fcomments&post=1691"}],"version-history":[{"count":4,"href":"https:\/\/lisdorf.de\/index.php?rest_route=\/wp\/v2\/posts\/1691\/revisions"}],"predecessor-version":[{"id":1697,"href":"https:\/\/lisdorf.de\/index.php?rest_route=\/wp\/v2\/posts\/1691\/revisions\/1697"}],"wp:attachment":[{"href":"https:\/\/lisdorf.de\/index.php?rest_route=%2Fwp%2Fv2%2Fmedia&parent=1691"}],"wp:term":[{"taxonomy":"category","embeddable":true,"href":"https:\/\/lisdorf.de\/index.php?rest_route=%2Fwp%2Fv2%2Fcategories&post=1691"},{"taxonomy":"post_tag","embeddable":true,"href":"https:\/\/lisdorf.de\/index.php?rest_route=%2Fwp%2Fv2%2Ftags&post=1691"}],"curies":[{"name":"wp","href":"https:\/\/api.w.org\/{rel}","templated":true}]}}