{"id":1070,"date":"2016-02-16T19:34:49","date_gmt":"2016-02-16T18:34:49","guid":{"rendered":"http:\/\/lisdorf.de\/?p=1070"},"modified":"2016-02-16T22:58:23","modified_gmt":"2016-02-16T21:58:23","slug":"mgv-mitgliederversammlung","status":"publish","type":"post","link":"https:\/\/lisdorf.de\/?p=1070","title":{"rendered":"MGV Mitgliederversammlung"},"content":{"rendered":"<p style=\"padding-left: 30px;\">Ein Dinosaurier gibt einen wohl bestellten Verein in j\u00fcngere H\u00e4nde.<\/p>\n<p style=\"padding-left: 30px;\">Klemens Port gibt nach 51 Jahren als 1. Vorsitzender des M\u00e4nnergesangverein Lisdorf sein Amt an Klaus Hild ab. In einer emotionalen Rede bedankte \u00a0er sich f\u00fcr die Unterst\u00fctzung und hervorragende Arbeit des Chores in seiner Amtzeit.<\/p>\n<p style=\"padding-left: 30px;\">Die Chorgemeinschaft w\u00e4hlt einstimmig Klemens Port zum Ehrenpr\u00e4sidenten.<\/p>\n<figure id=\"attachment_1071\" aria-describedby=\"caption-attachment-1071\" style=\"width: 300px\" class=\"wp-caption alignnone\"><a href=\"https:\/\/lisdorf.de\/wp-content\/uploads\/2016\/02\/1455647479492-1148942959-e1455659309371.jpg\" rel=\"attachment wp-att-1071\"><img loading=\"lazy\" decoding=\"async\" class=\"wp-image-1071 size-medium\" src=\"https:\/\/lisdorf.de\/wp-content\/uploads\/2016\/02\/1455647479492-1148942959-300x226.jpg\" alt=\"\" width=\"300\" height=\"226\" \/><\/a><figcaption id=\"caption-attachment-1071\" class=\"wp-caption-text\">Hans Podewin wird f\u00fcr 40 Jahre aktiver S\u00e4nger geehrt<\/figcaption><\/figure>\n<figure id=\"attachment_1076\" aria-describedby=\"caption-attachment-1076\" style=\"width: 300px\" class=\"wp-caption alignleft\"><a href=\"https:\/\/lisdorf.de\/wp-content\/uploads\/2016\/02\/IMG_20160216_215213-e1455656347895.jpg\" rel=\"attachment wp-att-1076\"><img loading=\"lazy\" decoding=\"async\" class=\"wp-image-1076 size-medium\" src=\"https:\/\/lisdorf.de\/wp-content\/uploads\/2016\/02\/IMG_20160216_215213-300x226.jpg\" alt=\"\" width=\"300\" height=\"226\" \/><\/a><figcaption id=\"caption-attachment-1076\" class=\"wp-caption-text\">Klemens Port erh\u00e4lt die Urkunde zum Ehrenpr\u00e4sidenten<\/figcaption><\/figure>\n<p>&nbsp;<\/p>\n<p>&nbsp;<\/p>\n","protected":false},"excerpt":{"rendered":"<p>Ein Dinosaurier gibt einen wohl bestellten Verein in j\u00fcngere H\u00e4nde. Klemens Port gibt nach 51 Jahren als 1. Vorsitzender des M\u00e4nnergesangverein Lisdorf sein Amt an Klaus Hild ab. In einer &hellip; <a href=\"https:\/\/lisdorf.de\/?p=1070\" class=\"more-link\"><span class=\"screen-reader-text\">MGV Mitgliederversammlung<\/span> weiterlesen <span class=\"meta-nav\">&rarr;<\/span><\/a><\/p>\n","protected":false},"author":1,"featured_media":0,"comment_status":"closed","ping_status":"open","sticky":false,"template":"","format":"standard","meta":{"_jetpack_memberships_contains_paid_content":false,"footnotes":""},"categories":[1],"tags":[],"class_list":["post-1070","post","type-post","status-publish","format-standard","hentry","category-allgemein"],"jetpack_featured_media_url":"","jetpack_sharing_enabled":true,"_links":{"self":[{"href":"https:\/\/lisdorf.de\/index.php?rest_route=\/wp\/v2\/posts\/1070","targetHints":{"allow":["GET"]}}],"collection":[{"href":"https:\/\/lisdorf.de\/index.php?rest_route=\/wp\/v2\/posts"}],"about":[{"href":"https:\/\/lisdorf.de\/index.php?rest_route=\/wp\/v2\/types\/post"}],"author":[{"embeddable":true,"href":"https:\/\/lisdorf.de\/index.php?rest_route=\/wp\/v2\/users\/1"}],"replies":[{"embeddable":true,"href":"https:\/\/lisdorf.de\/index.php?rest_route=%2Fwp%2Fv2%2Fcomments&post=1070"}],"version-history":[{"count":7,"href":"https:\/\/lisdorf.de\/index.php?rest_route=\/wp\/v2\/posts\/1070\/revisions"}],"predecessor-version":[{"id":1079,"href":"https:\/\/lisdorf.de\/index.php?rest_route=\/wp\/v2\/posts\/1070\/revisions\/1079"}],"wp:attachment":[{"href":"https:\/\/lisdorf.de\/index.php?rest_route=%2Fwp%2Fv2%2Fmedia&parent=1070"}],"wp:term":[{"taxonomy":"category","embeddable":true,"href":"https:\/\/lisdorf.de\/index.php?rest_route=%2Fwp%2Fv2%2Fcategories&post=1070"},{"taxonomy":"post_tag","embeddable":true,"href":"https:\/\/lisdorf.de\/index.php?rest_route=%2Fwp%2Fv2%2Ftags&post=1070"}],"curies":[{"name":"wp","href":"https:\/\/api.w.org\/{rel}","templated":true}]}}