{"id":1021,"date":"2016-01-08T19:29:38","date_gmt":"2016-01-08T18:29:38","guid":{"rendered":"http:\/\/lisdorf.de\/?p=1021"},"modified":"2016-01-08T19:29:38","modified_gmt":"2016-01-08T18:29:38","slug":"kappensitzung-des-ligeka","status":"publish","type":"post","link":"https:\/\/lisdorf.de\/?p=1021","title":{"rendered":"Kappensitzung  des LiGeKa"},"content":{"rendered":"<h2>Karten ab sofort erh\u00e4ltlich!<\/h2>\n<p>Karten f\u00fcr die Kappensitzung am 30.01.2016 k\u00f6nnen ab sofort an folgenden Vorverkaufsstellen zum Preis von 12 \u20ac erworben werden:<\/p>\n<p>Salon Willkomm, Provinzialstr. in Lisdorf<\/p>\n<div class=\"text_exposed_show\">\n<p>B\u00e4ckerei Breininger, Feldstr. in Lisdorf<\/p>\n<p>Beim Schwaggi in der Altstadt<\/p>\n<p>Salon Gabi, Thirionstr. in Roden.<\/p>\n<p><a href=\"https:\/\/lisdorf.de\/wp-content\/uploads\/2016\/01\/Plakat_2016_A4.jpg\" target=\"_blank\" rel=\"attachment wp-att-1022\"><img loading=\"lazy\" decoding=\"async\" class=\"alignnone  wp-image-1022\" src=\"https:\/\/lisdorf.de\/wp-content\/uploads\/2016\/01\/Plakat_2016_A4-215x300.jpg\" alt=\"Plakat_2015\" width=\"253\" height=\"353\" srcset=\"https:\/\/lisdorf.de\/wp-content\/uploads\/2016\/01\/Plakat_2016_A4-215x300.jpg 215w, https:\/\/lisdorf.de\/wp-content\/uploads\/2016\/01\/Plakat_2016_A4-300x418.jpg 300w, https:\/\/lisdorf.de\/wp-content\/uploads\/2016\/01\/Plakat_2016_A4-768x1070.jpg 768w, https:\/\/lisdorf.de\/wp-content\/uploads\/2016\/01\/Plakat_2016_A4-510x710.jpg 510w, https:\/\/lisdorf.de\/wp-content\/uploads\/2016\/01\/Plakat_2016_A4.jpg 827w\" sizes=\"auto, (max-width: 253px) 100vw, 253px\" \/><\/a><\/p>\n<\/div>\n","protected":false},"excerpt":{"rendered":"<p>Karten ab sofort erh\u00e4ltlich! Karten f\u00fcr die Kappensitzung am 30.01.2016 k\u00f6nnen ab sofort an folgenden Vorverkaufsstellen zum Preis von 12 \u20ac erworben werden: Salon Willkomm, Provinzialstr. in Lisdorf B\u00e4ckerei Breininger, &hellip; <a href=\"https:\/\/lisdorf.de\/?p=1021\" class=\"more-link\"><span class=\"screen-reader-text\">Kappensitzung  des LiGeKa<\/span> weiterlesen <span class=\"meta-nav\">&rarr;<\/span><\/a><\/p>\n","protected":false},"author":4,"featured_media":0,"comment_status":"closed","ping_status":"open","sticky":false,"template":"","format":"standard","meta":{"_jetpack_memberships_contains_paid_content":false,"footnotes":""},"categories":[1],"tags":[],"class_list":["post-1021","post","type-post","status-publish","format-standard","hentry","category-allgemein"],"jetpack_featured_media_url":"","jetpack_sharing_enabled":true,"_links":{"self":[{"href":"https:\/\/lisdorf.de\/index.php?rest_route=\/wp\/v2\/posts\/1021","targetHints":{"allow":["GET"]}}],"collection":[{"href":"https:\/\/lisdorf.de\/index.php?rest_route=\/wp\/v2\/posts"}],"about":[{"href":"https:\/\/lisdorf.de\/index.php?rest_route=\/wp\/v2\/types\/post"}],"author":[{"embeddable":true,"href":"https:\/\/lisdorf.de\/index.php?rest_route=\/wp\/v2\/users\/4"}],"replies":[{"embeddable":true,"href":"https:\/\/lisdorf.de\/index.php?rest_route=%2Fwp%2Fv2%2Fcomments&post=1021"}],"version-history":[{"count":4,"href":"https:\/\/lisdorf.de\/index.php?rest_route=\/wp\/v2\/posts\/1021\/revisions"}],"predecessor-version":[{"id":1026,"href":"https:\/\/lisdorf.de\/index.php?rest_route=\/wp\/v2\/posts\/1021\/revisions\/1026"}],"wp:attachment":[{"href":"https:\/\/lisdorf.de\/index.php?rest_route=%2Fwp%2Fv2%2Fmedia&parent=1021"}],"wp:term":[{"taxonomy":"category","embeddable":true,"href":"https:\/\/lisdorf.de\/index.php?rest_route=%2Fwp%2Fv2%2Fcategories&post=1021"},{"taxonomy":"post_tag","embeddable":true,"href":"https:\/\/lisdorf.de\/index.php?rest_route=%2Fwp%2Fv2%2Ftags&post=1021"}],"curies":[{"name":"wp","href":"https:\/\/api.w.org\/{rel}","templated":true}]}}